{"id":13275,"date":"2025-08-27T16:26:48","date_gmt":"2025-08-27T22:26:48","guid":{"rendered":"https:\/\/colosalinforma.com\/inicio\/?p=13275"},"modified":"2025-08-27T16:26:48","modified_gmt":"2025-08-27T22:26:48","slug":"ministerio-de-cultura-y-juventud-impulsa-plan-interinstitucional-para-revitalizar-el-patrimonio-de-guanacaste","status":"publish","type":"post","link":"https:\/\/colosalinforma.com\/inicio\/ministerio-de-cultura-y-juventud-impulsa-plan-interinstitucional-para-revitalizar-el-patrimonio-de-guanacaste\/","title":{"rendered":"Ministerio de Cultura y Juventud impulsa plan interinstitucional para revitalizar el patrimonio de Guanacaste"},"content":{"rendered":"<h4>Guanacaste se prepara para vivir una nueva etapa de impulso cultural y patrimonial gracias al trabajo conjunto del Ministerio de Cultura y Juventud (MCJ), mediante el Museo Nacional de Costa Rica, el Archivo Nacional, la Direcci\u00f3n de Patrimonio Cultural y el Museo Hist\u00f3rico Cultural Juan Santamar\u00eda.<\/h4>\n<p><span style=\"color: #000000;\">Estas acciones son resultado del seguimiento institucional a los acuerdos alcanzados durante la gira que realiz\u00f3 el ministro de Cultura y Juventud, Jorge Rodr\u00edguez Vives, por la provincia el pasado 25 de julio, con motivo de la conmemoraci\u00f3n del 201 aniversario de la Anexi\u00f3n del Partido de Nicoya a Costa Rica.<\/span><\/p>\n<p><span style=\"color: #000000;\">En el marco de estos acercamientos con organizaciones locales, el jerarca design\u00f3 al Viceministerio Administrativo, liderado por Alexander Castro Mena, para coordinar una comisi\u00f3n de especialistas en patrimonio, memoria hist\u00f3rica cultural y documental.<\/span><\/p>\n<p><span style=\"color: #000000;\">Los d\u00edas 6 y 7 de agosto, esta comisi\u00f3n conformada por personal de las distintas instancias del MCJ inici\u00f3 labores en el Museo de Guanacaste. All\u00ed realizaron un recorrido por el inmueble patrimonial, acompa\u00f1ados Marilyn Jim\u00e9nez, integrante de la Junta Directiva del museo.<\/span><\/p>\n<p><span style=\"color: #000000;\">Durante la visita, el equipo t\u00e9cnico del MCJ identific\u00f3 posibles acciones de mejora que fortalecer\u00edan el valor hist\u00f3rico, cultural y patrimonial del edificio. Posteriormente, se abri\u00f3 un espacio de di\u00e1logo en el que se compartieron observaciones y propuestas relacionadas con el potencial museol\u00f3gico del espacio y con la experiencia de visitaci\u00f3n de los distintos p\u00fablicos que acoge el museo.<\/span><\/p>\n<p><span style=\"color: #000000;\">Entre las principales recomendaciones se plante\u00f3 la implementaci\u00f3n de un proyecto de se\u00f1al\u00e9tica interactiva con c\u00f3digos QR y textos interpretativos, que permitir\u00e1n a las personas visitantes profundizar en la historia del inmueble, desde su uso como antiguo cuartel hasta su transformaci\u00f3n en un espacio cultural.<\/span><\/p>\n<p><span style=\"color: #000000;\">Asimismo, como parte de los acuerdos, el Museo de Guanacaste albergar\u00e1 la exposici\u00f3n itinerante \u201cM\u00e1s all\u00e1 de la Anexi\u00f3n\u201d, desarrollada por el Archivo Nacional de Costa Rica, la cual se presentar\u00e1 de octubre 2025 a enero 2026. Esta muestra documental conmemora los 201 a\u00f1os de la Anexi\u00f3n del Partido de Nicoya.<\/span><\/p>\n<p><span style=\"color: #000000;\">La Direcci\u00f3n de Patrimonio Cultural, por su parte, propuso actualizar el estudio hist\u00f3rico \u201cDe comandancia de Liberia a Museo de Guanacaste: una rese\u00f1a hist\u00f3rica (1932-2015)\u201d, adem\u00e1s de brindar asesor\u00eda en materia de valores patrimoniales, tanto en lo arquitect\u00f3nico como en lo hist\u00f3rico.<\/span><\/p>\n<p><span style=\"color: #000000;\">En paralelo, el Museo Nacional de Costa Rica plante\u00f3 el montaje de la exposici\u00f3n \u201cMetates de Guanacaste\u201d, que reunir\u00e1 25 piezas arqueol\u00f3gicas \u00fanicas, complementadas con actividades de sensibilizaci\u00f3n sobre la riqueza cultural y arqueol\u00f3gica de la regi\u00f3n.<\/span><\/p>\n<h4><span style=\"color: #000000;\"><strong>Memoria hist\u00f3rica al servicio de la educaci\u00f3n<\/strong><\/span><\/h4>\n<p><span style=\"color: #000000;\">Como parte del recorrido por la provincia, la delegaci\u00f3n visit\u00f3 tambi\u00e9n el Museo Hist\u00f3rico La Casona de Santa Rosa, \u00edcono cultural y s\u00edmbolo de la historia nacional. El objetivo principal fue establecer una alianza entre la administraci\u00f3n de la Casona y el MCJ.<\/span><\/p>\n<p><span style=\"color: #000000;\">Durante la visita, Johan Mart\u00ednez, funcionario del \u00c1rea de Conservaci\u00f3n Guanacaste, destac\u00f3 que estos esfuerzos interinstitucionales \u201cpermitir\u00e1n mejorar la museograf\u00eda y las exposiciones en el museo, contribuyendo a enriquecer la experiencia de quienes visitan el Parque Nacional Santa Rosa\u201d.<\/span><\/p>\n<p><span style=\"color: #000000;\">El MCJ se comprometi\u00f3 a brindar asesor\u00eda t\u00e9cnica en materia de preservaci\u00f3n documental y museograf\u00eda, con miras a fortalecer futuras exhibiciones.<\/span><\/p>\n<p><span style=\"color: #000000;\">La gira concluy\u00f3 con una visita al sitio arqueol\u00f3gico La Espa\u00f1ola, en Curuband\u00e9, donde se valoraron posibles acciones de se\u00f1alizaci\u00f3n y estrategias de promoci\u00f3n mediante nuevas tecnolog\u00edas, como c\u00f3digos QR, que faciliten a visitantes y comunidades locales descubrir la importancia hist\u00f3rica del lugar.<\/span><\/p>\n<p><span style=\"color: #000000;\">Con estas iniciativas conjuntas, Guanacaste reafirma su posici\u00f3n como un destino donde el pasado cobra vida y el patrimonio cultural se proyecta hacia nuevas generaciones.<\/span><\/p>\n","protected":false},"excerpt":{"rendered":"<p>Guanacaste se prepara para vivir una nueva etapa de impulso cultural y patrimonial gracias al trabajo conjunto del Ministerio de Cultura y Juventud (MCJ), mediante el Museo Nacional de Costa Rica, el Archivo Nacional, la Direcci\u00f3n de Patrimonio Cultural y el Museo Hist\u00f3rico Cultural Juan Santamar\u00eda. Estas acciones son resultado del seguimiento institucional a los acuerdos alcanzados durante la gira que realiz\u00f3 el ministro de Cultura y Juventud, Jorge Rodr\u00edguez Vives, por la provincia el pasado 25 de julio, con motivo de la conmemoraci\u00f3n del 201 aniversario de la Anexi\u00f3n del Partido de Nicoya a Costa Rica. En el marco&#8230;<\/p>\n","protected":false},"author":2,"featured_media":13278,"comment_status":"open","ping_status":"open","sticky":false,"template":"","format":"standard","meta":{"_acf_changed":false,"footnotes":""},"categories":[43],"tags":[],"class_list":["post-13275","post","type-post","status-publish","format-standard","has-post-thumbnail","hentry","category-cultura"],"acf":[],"aioseo_notices":[],"_links":{"self":[{"href":"https:\/\/colosalinforma.com\/inicio\/wp-json\/wp\/v2\/posts\/13275","targetHints":{"allow":["GET"]}}],"collection":[{"href":"https:\/\/colosalinforma.com\/inicio\/wp-json\/wp\/v2\/posts"}],"about":[{"href":"https:\/\/colosalinforma.com\/inicio\/wp-json\/wp\/v2\/types\/post"}],"author":[{"embeddable":true,"href":"https:\/\/colosalinforma.com\/inicio\/wp-json\/wp\/v2\/users\/2"}],"replies":[{"embeddable":true,"href":"https:\/\/colosalinforma.com\/inicio\/wp-json\/wp\/v2\/comments?post=13275"}],"version-history":[{"count":1,"href":"https:\/\/colosalinforma.com\/inicio\/wp-json\/wp\/v2\/posts\/13275\/revisions"}],"predecessor-version":[{"id":13279,"href":"https:\/\/colosalinforma.com\/inicio\/wp-json\/wp\/v2\/posts\/13275\/revisions\/13279"}],"wp:featuredmedia":[{"embeddable":true,"href":"https:\/\/colosalinforma.com\/inicio\/wp-json\/wp\/v2\/media\/13278"}],"wp:attachment":[{"href":"https:\/\/colosalinforma.com\/inicio\/wp-json\/wp\/v2\/media?parent=13275"}],"wp:term":[{"taxonomy":"category","embeddable":true,"href":"https:\/\/colosalinforma.com\/inicio\/wp-json\/wp\/v2\/categories?post=13275"},{"taxonomy":"post_tag","embeddable":true,"href":"https:\/\/colosalinforma.com\/inicio\/wp-json\/wp\/v2\/tags?post=13275"}],"curies":[{"name":"wp","href":"https:\/\/api.w.org\/{rel}","templated":true}]}}