{"id":13594,"date":"2025-09-10T11:51:37","date_gmt":"2025-09-10T17:51:37","guid":{"rendered":"https:\/\/colosalinforma.com\/inicio\/?p=13594"},"modified":"2025-09-10T11:51:37","modified_gmt":"2025-09-10T17:51:37","slug":"festival-cultural-unira-a-costa-rica-y-panama-para-celebrar-su-fraternidad","status":"publish","type":"post","link":"https:\/\/colosalinforma.com\/inicio\/festival-cultural-unira-a-costa-rica-y-panama-para-celebrar-su-fraternidad\/","title":{"rendered":"Festival Cultural unir\u00e1 a Costa Rica y Panam\u00e1 para celebrar su fraternidad"},"content":{"rendered":"<div class=\"boldgrid-section\">\n<div class=\"container\">\n<div class=\"row\">\n<div class=\"col-lg-12 col-md-12 col-xs-12 col-sm-12\">\n<p>El Festival de la Confraternidad Tico Paname\u00f1a se realizar\u00e1 del 12 al 14 de septiembre en Paso Canoas, con actividades culturales y convivio entre ambas naciones.<\/p>\n<p class=\"\">Programaci\u00f3n del Festival<br \/>\n12 de septiembre<br \/>\n\u2022 5 p. m. a 10 p. m. Tarima del Ministerio de Cultura en Paso Canoa. Actos culturales Costa Rica y Panam\u00e1, Acto ceremonial (intercambio de banderas) Concierto y M\u00fasica DJ Colosal.<\/p>\n<p class=\"\" style=\"text-align: center;\"><iframe loading=\"lazy\" title=\"YouTube video player\" src=\"https:\/\/www.youtube.com\/embed\/uZggx9ZzL7o?si=OVRfdjbNCQ6Q9qIH\" width=\"560\" height=\"315\" frameborder=\"0\" allowfullscreen=\"allowfullscreen\"><\/iframe>\u00a0<\/p>\n<p class=\"\">13 de septiembre<br \/>\nSede: Centro C\u00edvico por la Paz de Corredores (CCP Corredores)<br \/>\n\u2022 9 a. m. Clase magistral para estudiantes con la Banda de Conciertos de Cartago.<br \/>\nSede: Tarima del Ministerio de Cultura en Paso Canoas<br \/>\n\u2022 2 p. m. Concierto con Sinem San Vito<br \/>\n\u2022 2:40 p. m. Baile folcl\u00f3rico con el Grupo Eslabones de oro<br \/>\n\u2022 3 p. m., Ensamble de vientos, Banda de Marcha Golfito<br \/>\n\u2022 3:10 p. m. Presentaci\u00f3n cultural Panam\u00e1, Escuela Secundaria El Macan<br \/>\n\u2022 3:50 p. m. Baile popular a cargo del Liceo de Ciudad Neily<br \/>\n\u2022 3:50 p. m. Mon\u00f3logo- Dayler flores Campos, Liceo de Ciudad Neily<br \/>\n\u2022 3:50 p. m. Baile folcl\u00f3rico Perlas del Sur<br \/>\n\u2022 4: 10 p. m. Danza con el Grupo representativo CCP Corredores<br \/>\n\u2022 4:30 p. m. Clase abierta de baile Taller Nacional de Danza- CCP Corredores<br \/>\n\u2022 5 p. m. Concierto a cargo de Josue Venegas- Tr\u00edo<br \/>\n\u2022 6 p. m. Mascaradas \u201cLos Copitos\u201d<br \/>\n\u2022 6:30 p. m. Baile con la Compa\u00f1\u00eda de Danza Tierra del Sur<br \/>\n\u2022 7 p. m. Obra de teatro \u201cJusto Gallo Pinto\u201d<br \/>\n\u2022 7:30 p. m. a 10 p. m. M\u00fasica a cargo del DJ Colosal.<\/p>\n<p class=\"\">14 de septiembre de 2025<br \/>\nSede: Tarima del Ministerio de Cultura, Paso Canoas<br \/>\n\u2022 2 p. m. Popurr\u00ed de atravesados con Conjunto Folcl\u00f3rico de Sortov\u00e1 Categor\u00eda Juvenil Infantil<br \/>\n\u2022 2 p. m. Cumbia Viva Panam\u00e1, Conjunto Folcl\u00f3rico de Sortov\u00e1. Categor\u00eda Juvenil Infantil<br \/>\n\u2022 2:20 p. m. Danz\u00f3n cumbia la espigadilla con Escuela El Triunfo<br \/>\n\u2022 2:30 p. m.\u201d Travesao soy quien te conviene\u201d de la Escuela Darizara<br \/>\n\u2022 2:50 p. m. Baile ni\u00f1os del preescolar de la Escuela Barrio Nuevo<br \/>\n\u2022 3 p. m. Presentaci\u00f3n de Preescolar materno Abejita Chiquitita con participaci\u00f3n del Colegio T\u00e9cnico Profesional de Corredores<br \/>\n\u2022 3:10 p. m. Danza de Diablos de espejo. Presentaci\u00f3n del Colegio Victoriano Lorenzo de David Chiriqu\u00ed<br \/>\n\u2022 3:30 p. m. Baile T\u00edpico Sonidos del terru\u00f1o con la Escuela Santa Marta<br \/>\n\u2022 3:50 p. m. Baile t\u00edpico con la participaci\u00f3n del Colegio T\u00e9cnico Profesional de Corredores<br \/>\n\u2022 4 p. m. Baile Darienita con el Grupo sendas de Oro<br \/>\n\u2022 4:10 p. m. Baile Mi tierra, con personas adultas mayores de Corredores<br \/>\n\u2022 4:20 p. m. Baile t\u00edpico, Escuela Paso Canoas<br \/>\n\u2022 4:30 p. m. Presentaci\u00f3n Mi linda Costa Rica, Escuela Santa Marta<br \/>\n\u2022 4.40 p. m. Remix- Baile folcl\u00f3rico Internacional: El punto. Presentaci\u00f3n Colegio Victoriano Lorenzo de David Chiriqu\u00ed<br \/>\n\u2022 4:45 p. m. El coyolero, Escuela las Vegas de R\u00edo Abrojo<br \/>\n\u2022 4:55 p. m. Baile Sante\u00f1o, Escuela Paso Canoas<br \/>\n\u2022 5 p. m. Presentaci\u00f3n \u201cTodo tambor\u201d con el Grupo Cultural Kare, Vicerrectora de extensi\u00f3n de la UNACHI<br \/>\n\u2022 5:15 p. m. Baile del Rice and Beans. Danza Chiriqu\u00ed, Vicerrectora de extensi\u00f3n de la UNACHI<br \/>\n\u2022 5:40 p. m. Presentaci\u00f3n Baile Originario de la cultural Ng\u00e4be Bugl\u00e9, Banda Independiente el Origen<br \/>\n\u2022 6 p. m. Segmento cultural<br \/>\n\u2022 8 p. m. a 10 p. m. Gran Concierto con Son de Tiquicia.<\/p>\n<p>Informaci\u00f3n y producci\u00f3n: Delbis Ag\u00fcero<br \/>\n#colosalinforma<\/p>\n<\/div>\n<\/div>\n<\/div>\n<\/div>\n","protected":false},"excerpt":{"rendered":"<p>El Festival de la Confraternidad Tico Paname\u00f1a se realizar\u00e1 del 12 al 14 de septiembre en Paso Canoas, con actividades culturales y convivio entre ambas naciones. Programaci\u00f3n del Festival 12 de septiembre \u2022 5 p. m. a 10 p. m. Tarima del Ministerio de Cultura en Paso Canoa. Actos culturales Costa Rica y Panam\u00e1, Acto ceremonial (intercambio de banderas) Concierto y M\u00fasica DJ Colosal. \u00a0 13 de septiembre Sede: Centro C\u00edvico por la Paz de Corredores (CCP Corredores) \u2022 9 a. m. Clase magistral para estudiantes con la Banda de Conciertos de Cartago. Sede: Tarima del Ministerio de Cultura en&#8230;<\/p>\n","protected":false},"author":6,"featured_media":13597,"comment_status":"open","ping_status":"open","sticky":false,"template":"","format":"standard","meta":{"_acf_changed":false,"footnotes":""},"categories":[43],"tags":[],"class_list":["post-13594","post","type-post","status-publish","format-standard","has-post-thumbnail","hentry","category-cultura"],"acf":[],"aioseo_notices":[],"_links":{"self":[{"href":"https:\/\/colosalinforma.com\/inicio\/wp-json\/wp\/v2\/posts\/13594","targetHints":{"allow":["GET"]}}],"collection":[{"href":"https:\/\/colosalinforma.com\/inicio\/wp-json\/wp\/v2\/posts"}],"about":[{"href":"https:\/\/colosalinforma.com\/inicio\/wp-json\/wp\/v2\/types\/post"}],"author":[{"embeddable":true,"href":"https:\/\/colosalinforma.com\/inicio\/wp-json\/wp\/v2\/users\/6"}],"replies":[{"embeddable":true,"href":"https:\/\/colosalinforma.com\/inicio\/wp-json\/wp\/v2\/comments?post=13594"}],"version-history":[{"count":1,"href":"https:\/\/colosalinforma.com\/inicio\/wp-json\/wp\/v2\/posts\/13594\/revisions"}],"predecessor-version":[{"id":13598,"href":"https:\/\/colosalinforma.com\/inicio\/wp-json\/wp\/v2\/posts\/13594\/revisions\/13598"}],"wp:featuredmedia":[{"embeddable":true,"href":"https:\/\/colosalinforma.com\/inicio\/wp-json\/wp\/v2\/media\/13597"}],"wp:attachment":[{"href":"https:\/\/colosalinforma.com\/inicio\/wp-json\/wp\/v2\/media?parent=13594"}],"wp:term":[{"taxonomy":"category","embeddable":true,"href":"https:\/\/colosalinforma.com\/inicio\/wp-json\/wp\/v2\/categories?post=13594"},{"taxonomy":"post_tag","embeddable":true,"href":"https:\/\/colosalinforma.com\/inicio\/wp-json\/wp\/v2\/tags?post=13594"}],"curies":[{"name":"wp","href":"https:\/\/api.w.org\/{rel}","templated":true}]}}