{"id":13604,"date":"2025-09-11T10:13:18","date_gmt":"2025-09-11T16:13:18","guid":{"rendered":"https:\/\/colosalinforma.com\/inicio\/?p=13604"},"modified":"2025-09-11T10:13:18","modified_gmt":"2025-09-11T16:13:18","slug":"se-cumplen-24-anos-del-atentado-a-las-torres-gemelas","status":"publish","type":"post","link":"https:\/\/colosalinforma.com\/inicio\/se-cumplen-24-anos-del-atentado-a-las-torres-gemelas\/","title":{"rendered":"Se cumplen 24 a\u00f1os del atentado a las Torres Gemelas"},"content":{"rendered":"<div class=\"boldgrid-section\">\n<div class=\"container\">\n<div class=\"row\">\n<div class=\"col-lg-12 col-md-12 col-xs-12 col-sm-12\">\n<p><span style=\"color: #000000;\">El martes 11 de septiembre de 2001, <strong>Nueva York<\/strong> fue escenario de uno de los ataques m\u00e1s impactantes de la historia reciente: los <strong>atentados terroristas a las Torres Gemelas<\/strong>.<\/span><\/p>\n<p><span style=\"color: #000000;\">Ese d\u00eda, miles de personas vieron en vivo c\u00f3mo aviones comerciales, secuestrados por extremistas, se estrellaban contra los rascacielos del World Trade Center. M\u00e1s de <strong>2 mil 900 personas murieron<\/strong> y 24 desaparecieron, en un hecho que marc\u00f3 a toda una generaci\u00f3n.<\/span><\/p>\n<figure class=\"wp-block-image size-large\">\n<p class=\"mod-reset\"><span style=\"color: #000000;\"><img loading=\"lazy\" decoding=\"async\" class=\"wp-image-1841728\" src=\"https:\/\/cdn.unotv.com\/images\/2025\/09\/1111-071848-1024x576.jpg\" sizes=\"auto, (max-width: 1024px) 100vw, 1024px\" srcset=\"https:\/\/cdn.unotv.com\/images\/2025\/09\/1111-071848-1024x576.webp 1024w, https:\/\/cdn.unotv.com\/images\/2025\/09\/1111-071848-300x169.webp 300w, https:\/\/cdn.unotv.com\/images\/2025\/09\/1111-071848-768x432.webp 768w, https:\/\/cdn.unotv.com\/images\/2025\/09\/1111-071848.jpg 1200w\" alt=\"\" width=\"1024\" height=\"576\"><\/span><\/p><figcaption class=\"wp-element-caption\"><span style=\"color: #000000;\">Foto: GettyImages<\/span><\/figcaption><\/figure>\n<p><span style=\"color: #000000;\">Aquel ataque no s\u00f3lo dej\u00f3 destrucci\u00f3n en el Bajo Manhattan, tambi\u00e9n abri\u00f3 un cap\u00edtulo de guerra entre <strong>Estados Unidos y Afganist\u00e1n<\/strong>, liderada por la supuesta autor\u00eda de Al Qaeda.<\/span><\/p>\n<div class=\"code-block code-block-1\"><\/div>\n<p><span style=\"color: #000000;\">Las im\u00e1genes de humo, fuego y personas saltando desde las torres quedaron grabadas en la memoria colectiva, un fen\u00f3meno que los psic\u00f3logos llaman \u201c<strong>recuerdo de cisne negro<\/strong>\u201d: todos recuerdan d\u00f3nde estaban y qu\u00e9 hac\u00edan ese d\u00eda.<\/span><\/p>\n<div class=\"code-block code-block-2\">\n<div class=\"truvidPos\"><\/div>\n<\/div>\n<h2 id=\"h-el-atentado-del-11-de-septiembre-de-2001\" class=\"wp-block-heading\"><span style=\"color: #000000;\">El atentado del 11 de septiembre de 2001<\/span><\/h2>\n<figure class=\"wp-block-image size-large\">\n<p class=\"mod-reset\"><span style=\"color: #000000;\"><img loading=\"lazy\" decoding=\"async\" class=\"wp-image-1841731\" src=\"https:\/\/cdn.unotv.com\/images\/2025\/09\/2222-071950-1024x576.jpg\" sizes=\"auto, (max-width: 1024px) 100vw, 1024px\" srcset=\"https:\/\/cdn.unotv.com\/images\/2025\/09\/2222-071950-1024x576.webp 1024w, https:\/\/cdn.unotv.com\/images\/2025\/09\/2222-071950-300x169.webp 300w, https:\/\/cdn.unotv.com\/images\/2025\/09\/2222-071950-768x432.webp 768w, https:\/\/cdn.unotv.com\/images\/2025\/09\/2222-071950.jpg 1200w\" alt=\"\" width=\"1024\" height=\"576\"><\/span><\/p><figcaption class=\"wp-element-caption\"><span style=\"color: #000000;\">Foto: GettyImages<\/span><\/figcaption><\/figure>\n<p><span style=\"color: #000000;\">Los atentados fueron una serie de cuatro ataques coordinados. Dos aviones impactaron contra las <strong>Torres Gemelas<\/strong>, otro contra el <strong>Pent\u00e1gono<\/strong> y un cuarto se estrell\u00f3 en Pensilvania tras la resistencia de los pasajeros. Las transmisiones en vivo mostraban a un mundo entero en shock, mientras los presentadores de televisi\u00f3n no pod\u00edan explicar lo que ocurr\u00eda.<\/span><\/p>\n<div class=\"code-block code-block-8\">\n<div class=\"code-block\"><\/div>\n<div class=\"code-block\"><\/div>\n<\/div>\n<p><span style=\"color: #000000;\">Adem\u00e1s de las v\u00edctimas mortales, el ataque dej\u00f3 heridos, p\u00e9rdidas millonarias y una herida social que a\u00fan no sana. El lugar donde se encontraban las torres hoy es <strong>Ground Zero<\/strong>, convertido en un memorial y museo que cada a\u00f1o recibe homenajes a las v\u00edctimas.<\/span><\/p>\n<div class=\"code-block code-block-18\"><\/div>\n<h2 id=\"h-nueva-york-y-la-memoria-del-11-s\" class=\"wp-block-heading\"><span style=\"color: #000000;\">Nueva York y la memoria del 11-S<\/span><\/h2>\n<figure class=\"wp-block-image size-large\">\n<p class=\"mod-reset\"><span style=\"color: #000000;\"><img loading=\"lazy\" decoding=\"async\" class=\"wp-image-1841732\" src=\"https:\/\/cdn.unotv.com\/images\/2025\/09\/1120191-072058-1024x576.jpg\" sizes=\"auto, (max-width: 1024px) 100vw, 1024px\" srcset=\"https:\/\/cdn.unotv.com\/images\/2025\/09\/1120191-072058-1024x576.webp 1024w, https:\/\/cdn.unotv.com\/images\/2025\/09\/1120191-072058-300x169.webp 300w, https:\/\/cdn.unotv.com\/images\/2025\/09\/1120191-072058-768x432.webp 768w, https:\/\/cdn.unotv.com\/images\/2025\/09\/1120191-072058.jpg 1200w\" alt=\"\" width=\"1024\" height=\"576\"><\/span><\/p><figcaption class=\"wp-element-caption\"><span style=\"color: #000000;\">Foto: GettyImages<\/span><\/figcaption><\/figure>\n<p><span style=\"color: #000000;\">Incluso en medio de crisis recientes, como la pandemia de <strong>COVID-19<\/strong>, la ciudad mantuvo sus conmemoraciones con minutos de silencio y lecturas de los nombres de las v\u00edctimas. En 2020, por ejemplo, familiares participaron a distancia con grabaciones, mientras que en el sitio se mantuvo la tradici\u00f3n con cubrebocas y sana distancia.<\/span><\/p>\n<p class=\"\"><span style=\"color: #000000;\">El <strong>11 de septiembre<\/strong> sigue siendo recordado en Estados Unidos no s\u00f3lo como un atentado, sino como el d\u00eda en que cambi\u00f3 la seguridad a\u00e9rea, la pol\u00edtica internacional y la vida cotidiana. Un hecho que, 24 a\u00f1os despu\u00e9s, sigue marcando la memoria del mundo.<\/span><\/p>\n<\/div>\n<\/div>\n<\/div>\n<\/div>\n","protected":false},"excerpt":{"rendered":"<p>El martes 11 de septiembre de 2001, Nueva York fue escenario de uno de los ataques m\u00e1s impactantes de la historia reciente: los atentados terroristas a las Torres Gemelas. Ese d\u00eda, miles de personas vieron en vivo c\u00f3mo aviones comerciales, secuestrados por extremistas, se estrellaban contra los rascacielos del World Trade Center. M\u00e1s de 2 mil 900 personas murieron y 24 desaparecieron, en un hecho que marc\u00f3 a toda una generaci\u00f3n. Foto: GettyImages Aquel ataque no s\u00f3lo dej\u00f3 destrucci\u00f3n en el Bajo Manhattan, tambi\u00e9n abri\u00f3 un cap\u00edtulo de guerra entre Estados Unidos y Afganist\u00e1n, liderada por la supuesta autor\u00eda de&#8230;<\/p>\n","protected":false},"author":4,"featured_media":13607,"comment_status":"open","ping_status":"open","sticky":false,"template":"","format":"standard","meta":{"_acf_changed":false,"footnotes":""},"categories":[33],"tags":[],"class_list":["post-13604","post","type-post","status-publish","format-standard","has-post-thumbnail","hentry","category-internacionales"],"acf":[],"aioseo_notices":[],"_links":{"self":[{"href":"https:\/\/colosalinforma.com\/inicio\/wp-json\/wp\/v2\/posts\/13604","targetHints":{"allow":["GET"]}}],"collection":[{"href":"https:\/\/colosalinforma.com\/inicio\/wp-json\/wp\/v2\/posts"}],"about":[{"href":"https:\/\/colosalinforma.com\/inicio\/wp-json\/wp\/v2\/types\/post"}],"author":[{"embeddable":true,"href":"https:\/\/colosalinforma.com\/inicio\/wp-json\/wp\/v2\/users\/4"}],"replies":[{"embeddable":true,"href":"https:\/\/colosalinforma.com\/inicio\/wp-json\/wp\/v2\/comments?post=13604"}],"version-history":[{"count":1,"href":"https:\/\/colosalinforma.com\/inicio\/wp-json\/wp\/v2\/posts\/13604\/revisions"}],"predecessor-version":[{"id":13608,"href":"https:\/\/colosalinforma.com\/inicio\/wp-json\/wp\/v2\/posts\/13604\/revisions\/13608"}],"wp:featuredmedia":[{"embeddable":true,"href":"https:\/\/colosalinforma.com\/inicio\/wp-json\/wp\/v2\/media\/13607"}],"wp:attachment":[{"href":"https:\/\/colosalinforma.com\/inicio\/wp-json\/wp\/v2\/media?parent=13604"}],"wp:term":[{"taxonomy":"category","embeddable":true,"href":"https:\/\/colosalinforma.com\/inicio\/wp-json\/wp\/v2\/categories?post=13604"},{"taxonomy":"post_tag","embeddable":true,"href":"https:\/\/colosalinforma.com\/inicio\/wp-json\/wp\/v2\/tags?post=13604"}],"curies":[{"name":"wp","href":"https:\/\/api.w.org\/{rel}","templated":true}]}}