{"id":13647,"date":"2025-09-12T10:18:42","date_gmt":"2025-09-12T16:18:42","guid":{"rendered":"https:\/\/colosalinforma.com\/inicio\/?p=13647"},"modified":"2025-09-12T10:18:42","modified_gmt":"2025-09-12T16:18:42","slug":"fifa-abre-expediente-disciplinario-contra-el-salvador-por-insultos","status":"publish","type":"post","link":"https:\/\/colosalinforma.com\/inicio\/fifa-abre-expediente-disciplinario-contra-el-salvador-por-insultos\/","title":{"rendered":"FIFA abre expediente disciplinario contra El Salvador por insultos"},"content":{"rendered":"<div class=\"boldgrid-section\">\n<div class=\"container\">\n<div class=\"row\">\n<div class=\"col-lg-12 col-md-12 col-xs-12 col-sm-12\">\n<p><span style=\"color: #000000;\">La <strong>FIFA abri\u00f3 un expediente disciplinario a El Salvador<\/strong> por los insultos racistas de algunos de sus aficionados contra jugadores de la selecci\u00f3n de <strong>Surinam<\/strong>, en el duelo de las eliminatorias de la Concacaf rumbo al Mundial 2026.<\/span><\/p>\n<p class=\"\"><span style=\"color: #000000;\">Ya hay una <a style=\"color: #000000;\" href=\"https:\/\/www.unotv.com\/deportes\/mundial-de-2026-que-selecciones-ya-estan-clasificadas-lista-completa-al-momento\/\" target=\"_blank\" rel=\"noreferrer noopener\">lista de clasificados<\/a> al Mundial 2026, pero la FIFA resalta el compromiso de eliminar los insultos racistas ante todas las escuadras participantes.<\/span><\/p>\n<figure class=\"wp-block-embed is-type-rich is-provider-twitter wp-block-embed-twitter\">\n<div class=\"wp-block-embed__wrapper\">\n<div class=\"amx-core-embed-social\">\n<div class=\"twitter-tweet twitter-tweet-rendered\"><iframe id=\"twitter-widget-0\" class=\"\" title=\"X Post\" src=\"https:\/\/platform.twitter.com\/embed\/Tweet.html?creatorScreenName=unonoticias&dnt=true&embedId=twitter-widget-0&features=eyJ0ZndfdGltZWxpbmVfbGlzdCI6eyJidWNrZXQiOltdLCJ2ZXJzaW9uIjpudWxsfSwidGZ3X2ZvbGxvd2VyX2NvdW50X3N1bnNldCI6eyJidWNrZXQiOnRydWUsInZlcnNpb24iOm51bGx9LCJ0ZndfdHdlZXRfZWRpdF9iYWNrZW5kIjp7ImJ1Y2tldCI6Im9uIiwidmVyc2lvbiI6bnVsbH0sInRmd19yZWZzcmNfc2Vzc2lvbiI6eyJidWNrZXQiOiJvbiIsInZlcnNpb24iOm51bGx9LCJ0ZndfZm9zbnJfc29mdF9pbnRlcnZlbnRpb25zX2VuYWJsZWQiOnsiYnVja2V0Ijoib24iLCJ2ZXJzaW9uIjpudWxsfSwidGZ3X21peGVkX21lZGlhXzE1ODk3Ijp7ImJ1Y2tldCI6InRyZWF0bWVudCIsInZlcnNpb24iOm51bGx9LCJ0ZndfZXhwZXJpbWVudHNfY29va2llX2V4cGlyYXRpb24iOnsiYnVja2V0IjoxMjA5NjAwLCJ2ZXJzaW9uIjpudWxsfSwidGZ3X3Nob3dfYmlyZHdhdGNoX3Bpdm90c19lbmFibGVkIjp7ImJ1Y2tldCI6Im9uIiwidmVyc2lvbiI6bnVsbH0sInRmd19kdXBsaWNhdGVfc2NyaWJlc190b19zZXR0aW5ncyI6eyJidWNrZXQiOiJvbiIsInZlcnNpb24iOm51bGx9LCJ0ZndfdXNlX3Byb2ZpbGVfaW1hZ2Vfc2hhcGVfZW5hYmxlZCI6eyJidWNrZXQiOiJvbiIsInZlcnNpb24iOm51bGx9LCJ0ZndfdmlkZW9faGxzX2R5bmFtaWNfbWFuaWZlc3RzXzE1MDgyIjp7ImJ1Y2tldCI6InRydWVfYml0cmF0ZSIsInZlcnNpb24iOm51bGx9LCJ0ZndfbGVnYWN5X3RpbWVsaW5lX3N1bnNldCI6eyJidWNrZXQiOnRydWUsInZlcnNpb24iOm51bGx9LCJ0ZndfdHdlZXRfZWRpdF9mcm9udGVuZCI6eyJidWNrZXQiOiJvbiIsInZlcnNpb24iOm51bGx9fQ%3D%3D&frame=false&hideCard=false&hideThread=false&id=1966284637992628493&lang=es&origin=https%3A%2F%2Fwww.unotv.com%2Fdeportes%2Fotra-multa-por-racismo-fifa-abre-expediente-disciplinario-contra-el-salvador-por-insultos-contra-surinam%2F&sessionId=e77b68f748d4ad02f896f884467f6f759f0f2d5e&siteScreenName=unonoticias&theme=light&widgetsVersion=2615f7e52b7e0%3A1702314776716&width=500px\" frameborder=\"0\" scrolling=\"no\" allowfullscreen=\"allowfullscreen\" data-tweet-id=\"1966284637992628493\" data-mce-fragment=\"1\"><\/iframe><\/div>\n<\/div>\n<\/div>\n<\/figure>\n<h2 id=\"h-el-incidente-en-el-estadio-cuscatlan\" class=\"wp-block-heading\"><span style=\"color: #000000;\"><strong>El incidente en el estadio Cuscatl\u00e1n<\/strong><\/span><\/h2>\n<p><span style=\"color: #000000;\">El partido se disput\u00f3 el lunes en el <strong>estadio Cuscatl\u00e1n<\/strong>, donde Surinam derrot\u00f3 2-1 a El Salvador en la segunda jornada de la fase final del clasificatorio.<\/span><\/p>\n<div class=\"code-block code-block-1\"><\/div>\n<p><span style=\"color: #000000;\">Tras el encuentro, el seleccionador surinam\u00e9s <strong>Stanley Menzo<\/strong> y el defensa <strong>Shaquille Pinas<\/strong>, denunciaron que escucharon gritos de \u201cnegros\u201d y \u201cmonos\u201d provenientes de la grada.<\/span><\/p>\n<div class=\"code-block code-block-2\">\n<div class=\"truvidPos\"><\/div>\n<\/div>\n<h2 id=\"h-fesfut-confirma-procedimiento-disciplinario\" class=\"wp-block-heading\"><span style=\"color: #000000;\"><strong>Fesfut confirma procedimiento disciplinario<\/strong><\/span><\/h2>\n<p><span style=\"color: #000000;\">La <strong>Federaci\u00f3n Salvadore\u00f1a de F\u00fatbol (Fesfut)<\/strong> inform\u00f3 a trav\u00e9s de su cuenta oficial en X que recibi\u00f3 la notificaci\u00f3n de la FIFA.<\/span><\/p>\n<div class=\"code-block code-block-8\">\n<div class=\"code-block\"><\/div>\n<div class=\"code-block\"><\/div>\n<\/div>\n<p class=\"\"><span style=\"color: #000000;\">\u201cLa FIFA ha abierto un procedimiento disciplinario en contra de nuestra Federaci\u00f3n\u201d, indic\u00f3 el organismo.<\/span><\/p>\n<\/div>\n<\/div>\n<\/div>\n<\/div>\n","protected":false},"excerpt":{"rendered":"<p>La FIFA abri\u00f3 un expediente disciplinario a El Salvador por los insultos racistas de algunos de sus aficionados contra jugadores de la selecci\u00f3n de Surinam, en el duelo de las eliminatorias de la Concacaf rumbo al Mundial 2026. Ya hay una lista de clasificados al Mundial 2026, pero la FIFA resalta el compromiso de eliminar los insultos racistas ante todas las escuadras participantes. El incidente en el estadio Cuscatl\u00e1n El partido se disput\u00f3 el lunes en el estadio Cuscatl\u00e1n, donde Surinam derrot\u00f3 2-1 a El Salvador en la segunda jornada de la fase final del clasificatorio. Tras el encuentro, el&#8230;<\/p>\n","protected":false},"author":4,"featured_media":13650,"comment_status":"open","ping_status":"open","sticky":false,"template":"","format":"standard","meta":{"_acf_changed":false,"footnotes":""},"categories":[34],"tags":[],"class_list":["post-13647","post","type-post","status-publish","format-standard","has-post-thumbnail","hentry","category-deportes"],"acf":[],"aioseo_notices":[],"_links":{"self":[{"href":"https:\/\/colosalinforma.com\/inicio\/wp-json\/wp\/v2\/posts\/13647","targetHints":{"allow":["GET"]}}],"collection":[{"href":"https:\/\/colosalinforma.com\/inicio\/wp-json\/wp\/v2\/posts"}],"about":[{"href":"https:\/\/colosalinforma.com\/inicio\/wp-json\/wp\/v2\/types\/post"}],"author":[{"embeddable":true,"href":"https:\/\/colosalinforma.com\/inicio\/wp-json\/wp\/v2\/users\/4"}],"replies":[{"embeddable":true,"href":"https:\/\/colosalinforma.com\/inicio\/wp-json\/wp\/v2\/comments?post=13647"}],"version-history":[{"count":1,"href":"https:\/\/colosalinforma.com\/inicio\/wp-json\/wp\/v2\/posts\/13647\/revisions"}],"predecessor-version":[{"id":13651,"href":"https:\/\/colosalinforma.com\/inicio\/wp-json\/wp\/v2\/posts\/13647\/revisions\/13651"}],"wp:featuredmedia":[{"embeddable":true,"href":"https:\/\/colosalinforma.com\/inicio\/wp-json\/wp\/v2\/media\/13650"}],"wp:attachment":[{"href":"https:\/\/colosalinforma.com\/inicio\/wp-json\/wp\/v2\/media?parent=13647"}],"wp:term":[{"taxonomy":"category","embeddable":true,"href":"https:\/\/colosalinforma.com\/inicio\/wp-json\/wp\/v2\/categories?post=13647"},{"taxonomy":"post_tag","embeddable":true,"href":"https:\/\/colosalinforma.com\/inicio\/wp-json\/wp\/v2\/tags?post=13647"}],"curies":[{"name":"wp","href":"https:\/\/api.w.org\/{rel}","templated":true}]}}