{"id":13803,"date":"2025-09-19T10:26:54","date_gmt":"2025-09-19T16:26:54","guid":{"rendered":"https:\/\/colosalinforma.com\/inicio\/?p=13803"},"modified":"2025-09-19T10:30:59","modified_gmt":"2025-09-19T16:30:59","slug":"puerto-jimenez-abre-su-sede-del-sinem-un-sueno-nacido-de-ride-cultural","status":"publish","type":"post","link":"https:\/\/colosalinforma.com\/inicio\/puerto-jimenez-abre-su-sede-del-sinem-un-sueno-nacido-de-ride-cultural\/","title":{"rendered":"Puerto Jim\u00e9nez abre su sede del Sinem: un sue\u00f1o nacido de RIDE Cultural"},"content":{"rendered":"<div class=\"boldgrid-section\">\n<div class=\"container\">\n<div class=\"row\">\n<div class=\"col-lg-12 col-md-12 col-xs-12 col-sm-12\">\n<p class=\"\"><strong>San Jos\u00e9, 18 de septiembre de 2025. <\/strong>Lo que empez\u00f3 como un anhelo expresado durante el RIDE Cultural realizado en abril pasado en Puerto Jim\u00e9nez, hoy se convierte en realidad con la apertura de la primera sede del Sistema Nacional de Educaci\u00f3n Musical (SINEM) en esta comunidad de la Zona Sur.<\/p>\n<p class=\"\">La inauguraci\u00f3n se llevar\u00e1 a cabo este viernes 19 de septiembre, a la 1 p.m., en la Escuela La Independencia, en la Palma de Puerto Jim\u00e9nez. La actividad iniciar\u00e1 con una jornada cultural que incluir\u00e1 presentaciones art\u00edsticas, entrega de instrumentos y la presentaci\u00f3n del nuevo encargado del Programa Orquestal.<\/p>\n<p class=\"\"><img loading=\"lazy\" decoding=\"async\" class=\"alignnone size-medium wp-image-13809\" src=\"https:\/\/colosalinforma.com\/inicio\/wp-content\/uploads\/2025\/09\/3-212x300.png\" alt=\"\" width=\"212\" height=\"300\" srcset=\"https:\/\/colosalinforma.com\/inicio\/wp-content\/uploads\/2025\/09\/3-212x300.png 212w, https:\/\/colosalinforma.com\/inicio\/wp-content\/uploads\/2025\/09\/3-724x1024.png 724w, https:\/\/colosalinforma.com\/inicio\/wp-content\/uploads\/2025\/09\/3-768x1086.png 768w, https:\/\/colosalinforma.com\/inicio\/wp-content\/uploads\/2025\/09\/3-1086x1536.png 1086w, https:\/\/colosalinforma.com\/inicio\/wp-content\/uploads\/2025\/09\/3-1448x2048.png 1448w, https:\/\/colosalinforma.com\/inicio\/wp-content\/uploads\/2025\/09\/3.png 1587w\" sizes=\"auto, (max-width: 212px) 100vw, 212px\" \/><\/p>\n<p class=\"\">El acto oficial contar\u00e1 con la presencia de Jorge Rodr\u00edguez Vives, ministro de Cultura y Juventud; Alexis Morales Barrientos, director general del SINEM; Jan Thalma, director acad\u00e9mico del SINEM; representantes de la comunidad vinculados a la creaci\u00f3n de este proyecto, as\u00ed como autoridades estatales y locales.<\/p>\n<p class=\"\">La llegada del SINEM a Puerto Jim\u00e9nez es un hito en la democratizaci\u00f3n de la educaci\u00f3n musical en la Regi\u00f3n Brunca. Fue precisamente durante la gira ministerial de abril que la comunidad manifest\u00f3 a las autoridades culturales su deseo de unir esfuerzos para crear un espacio musical. Gracias a la organizaci\u00f3n de vecinos, fuerzas vivas, docentes y centros educativos, junto al respaldo del MCJ y el SINEM, ese sue\u00f1o se concreta hoy.<\/p>\n<p class=\"\"><img loading=\"lazy\" decoding=\"async\" class=\"alignnone size-medium wp-image-13807\" src=\"https:\/\/colosalinforma.com\/inicio\/wp-content\/uploads\/2025\/09\/4-300x200.jpg\" alt=\"\" width=\"300\" height=\"200\" srcset=\"https:\/\/colosalinforma.com\/inicio\/wp-content\/uploads\/2025\/09\/4-300x200.jpg 300w, https:\/\/colosalinforma.com\/inicio\/wp-content\/uploads\/2025\/09\/4-1024x683.jpg 1024w, https:\/\/colosalinforma.com\/inicio\/wp-content\/uploads\/2025\/09\/4-768x512.jpg 768w, https:\/\/colosalinforma.com\/inicio\/wp-content\/uploads\/2025\/09\/4-1536x1024.jpg 1536w, https:\/\/colosalinforma.com\/inicio\/wp-content\/uploads\/2025\/09\/4-2048x1365.jpg 2048w\" sizes=\"auto, (max-width: 300px) 100vw, 300px\" \/><\/p>\n<p class=\"\">Al respecto, Jorge Rodr\u00edguez Vives, ministro de Cultura y Juventud, se\u00f1al\u00f3: \u201cLa apertura de esta nueva sede del SINEM en Puerto Jim\u00e9nez nace de un sue\u00f1o compartido durante el RIDE Cultural de abril pasado, cuando la comunidad nos abri\u00f3 su coraz\u00f3n y nos pidi\u00f3 un espacio para que la m\u00fasica floreciera aqu\u00ed. Hoy celebramos que ese anhelo se hace realidad gracias a la uni\u00f3n de fuerzas vivas, docentes, instituciones locales y el Ministerio de Cultura y Juventud. Este proyecto no solo abre puertas al aprendizaje musical, sino que demuestra que cuando la cultura se construye desde la comunidad, se convierte en motor de identidad, esperanza y oportunidades para la ni\u00f1ez y adolescencia de la Zona Sur.\u201d<\/p>\n<p class=\"\">Dentro de los promotores de esta iniciativa destacan Juan Arias, director de la Escuela La Independencia, y el docente y cantautor costarricense Mauricio Ventura, quienes impulsaron la articulaci\u00f3n comunal para hacer posible el proyecto.<\/p>\n<p class=\"\"><img loading=\"lazy\" decoding=\"async\" class=\"alignnone size-medium wp-image-13808\" src=\"https:\/\/colosalinforma.com\/inicio\/wp-content\/uploads\/2025\/09\/6-200x300.jpg\" alt=\"\" width=\"200\" height=\"300\" srcset=\"https:\/\/colosalinforma.com\/inicio\/wp-content\/uploads\/2025\/09\/6-200x300.jpg 200w, https:\/\/colosalinforma.com\/inicio\/wp-content\/uploads\/2025\/09\/6-683x1024.jpg 683w, https:\/\/colosalinforma.com\/inicio\/wp-content\/uploads\/2025\/09\/6-768x1152.jpg 768w, https:\/\/colosalinforma.com\/inicio\/wp-content\/uploads\/2025\/09\/6-1024x1536.jpg 1024w, https:\/\/colosalinforma.com\/inicio\/wp-content\/uploads\/2025\/09\/6-1365x2048.jpg 1365w, https:\/\/colosalinforma.com\/inicio\/wp-content\/uploads\/2025\/09\/6-scaled.jpg 1707w\" sizes=\"auto, (max-width: 200px) 100vw, 200px\" \/><\/p>\n<p>El programa orquestal estar\u00e1 a cargo del profesor Erney Vargas, quien guiar\u00e1 a las y los estudiantes en el desarrollo de sus habilidades musicales dentro de un espacio que fomenta disciplina, creatividad y trabajo en equipo.<\/p>\n<p class=\"\">Para Alexis Morales, director del SINEM, esta acci\u00f3n representa \u201cuna oportunidad para saldar una deuda hist\u00f3rica con la Regi\u00f3n Brunca y en particular con este nuevo cant\u00f3n de Puerto Jim\u00e9nez\u201d, destacando el acompa\u00f1amiento del MCJ y del SINEM en la formaci\u00f3n de nuevas generaciones.<\/p>\n<p class=\"\">Con esta sede, el SINEM reafirma su compromiso de llevar educaci\u00f3n musical de calidad, accesible y transformadora a todas las comunidades del pa\u00eds, fortaleciendo la inclusi\u00f3n social y el desarrollo art\u00edstico de\u00a0la\u00a0regi\u00f3n\u00a0sur.<\/p>\n<\/div>\n<\/div>\n<\/div>\n<\/div>\n","protected":false},"excerpt":{"rendered":"<p>San Jos\u00e9, 18 de septiembre de 2025. Lo que empez\u00f3 como un anhelo expresado durante el RIDE Cultural realizado en abril pasado en Puerto Jim\u00e9nez, hoy se convierte en realidad con la apertura de la primera sede del Sistema Nacional de Educaci\u00f3n Musical (SINEM) en esta comunidad de la Zona Sur. La inauguraci\u00f3n se llevar\u00e1 a cabo este viernes 19 de septiembre, a la 1 p.m., en la Escuela La Independencia, en la Palma de Puerto Jim\u00e9nez. La actividad iniciar\u00e1 con una jornada cultural que incluir\u00e1 presentaciones art\u00edsticas, entrega de instrumentos y la presentaci\u00f3n del nuevo encargado del Programa Orquestal&#8230;.<\/p>\n","protected":false},"author":6,"featured_media":13806,"comment_status":"open","ping_status":"open","sticky":false,"template":"","format":"standard","meta":{"_acf_changed":false,"footnotes":""},"categories":[43],"tags":[],"class_list":["post-13803","post","type-post","status-publish","format-standard","has-post-thumbnail","hentry","category-cultura"],"acf":[],"aioseo_notices":[],"_links":{"self":[{"href":"https:\/\/colosalinforma.com\/inicio\/wp-json\/wp\/v2\/posts\/13803","targetHints":{"allow":["GET"]}}],"collection":[{"href":"https:\/\/colosalinforma.com\/inicio\/wp-json\/wp\/v2\/posts"}],"about":[{"href":"https:\/\/colosalinforma.com\/inicio\/wp-json\/wp\/v2\/types\/post"}],"author":[{"embeddable":true,"href":"https:\/\/colosalinforma.com\/inicio\/wp-json\/wp\/v2\/users\/6"}],"replies":[{"embeddable":true,"href":"https:\/\/colosalinforma.com\/inicio\/wp-json\/wp\/v2\/comments?post=13803"}],"version-history":[{"count":2,"href":"https:\/\/colosalinforma.com\/inicio\/wp-json\/wp\/v2\/posts\/13803\/revisions"}],"predecessor-version":[{"id":13812,"href":"https:\/\/colosalinforma.com\/inicio\/wp-json\/wp\/v2\/posts\/13803\/revisions\/13812"}],"wp:featuredmedia":[{"embeddable":true,"href":"https:\/\/colosalinforma.com\/inicio\/wp-json\/wp\/v2\/media\/13806"}],"wp:attachment":[{"href":"https:\/\/colosalinforma.com\/inicio\/wp-json\/wp\/v2\/media?parent=13803"}],"wp:term":[{"taxonomy":"category","embeddable":true,"href":"https:\/\/colosalinforma.com\/inicio\/wp-json\/wp\/v2\/categories?post=13803"},{"taxonomy":"post_tag","embeddable":true,"href":"https:\/\/colosalinforma.com\/inicio\/wp-json\/wp\/v2\/tags?post=13803"}],"curies":[{"name":"wp","href":"https:\/\/api.w.org\/{rel}","templated":true}]}}