{"id":14038,"date":"2025-09-25T14:22:58","date_gmt":"2025-09-25T20:22:58","guid":{"rendered":"https:\/\/colosalinforma.com\/inicio\/?p=14038"},"modified":"2025-09-25T14:22:58","modified_gmt":"2025-09-25T20:22:58","slug":"semilla-sonora-premia-el-talento-inedito-y-proyecta-la-musica-costarricense-hacia-nuevas-oportunidades","status":"publish","type":"post","link":"https:\/\/colosalinforma.com\/inicio\/semilla-sonora-premia-el-talento-inedito-y-proyecta-la-musica-costarricense-hacia-nuevas-oportunidades\/","title":{"rendered":"Semilla Sonora premia el talento in\u00e9dito y proyecta la m\u00fasica costarricense hacia nuevas oportunidades"},"content":{"rendered":"<div class=\"boldgrid-section\">\n<div class=\"container\">\n<div class=\"row\">\n<div class=\"col-lg-12 col-md-12 col-xs-12 col-sm-12\">\n<p class=\"\">Participaron 249 artistas y 15 personas resultaron ganadoras en las categor\u00edas de composici\u00f3n, producci\u00f3n de sencillo y producci\u00f3n de \u00e1lbum<\/p>\n<p>San Jos\u00e9, 23 de septiembre de 2025. Con el prop\u00f3sito de abrir nuevos caminos a la m\u00fasica original costarricense, el Ministerio de Cultura y Juventud (MCJ) anunci\u00f3 este martes a las personas ganadoras del Fondo Concursable para la Creaci\u00f3n o Producci\u00f3n de M\u00fasica Original In\u00e9dita \u201cSemilla Sonora\u201d, una iniciativa que fortalece la creatividad nacional y proyecta a nuevos talentos hacia la industria musical.<\/p>\n<p>Este proyecto naci\u00f3 gracias a una alianza entre el MCJ, la Asociaci\u00f3n de Compositores y Autores Musicales de Costa Rica (ACAM) Fundaci\u00f3n Parque La Libertad y el Centro Nacional de la M\u00fasica, con el fin de estimular la creaci\u00f3n y producci\u00f3n de obras in\u00e9ditas en distintos g\u00e9neros y formatos musicales.<\/p>\n<p class=\"\"><img loading=\"lazy\" decoding=\"async\" class=\"alignnone size-medium wp-image-14041\" src=\"https:\/\/colosalinforma.com\/inicio\/wp-content\/uploads\/2025\/09\/IMG_3656-300x200.jpg\" alt=\"\" width=\"300\" height=\"200\" srcset=\"https:\/\/colosalinforma.com\/inicio\/wp-content\/uploads\/2025\/09\/IMG_3656-300x200.jpg 300w, https:\/\/colosalinforma.com\/inicio\/wp-content\/uploads\/2025\/09\/IMG_3656-1024x683.jpg 1024w, https:\/\/colosalinforma.com\/inicio\/wp-content\/uploads\/2025\/09\/IMG_3656-768x512.jpg 768w, https:\/\/colosalinforma.com\/inicio\/wp-content\/uploads\/2025\/09\/IMG_3656-1536x1024.jpg 1536w, https:\/\/colosalinforma.com\/inicio\/wp-content\/uploads\/2025\/09\/IMG_3656-2048x1365.jpg 2048w\" sizes=\"auto, (max-width: 300px) 100vw, 300px\" \/><\/p>\n<p>El anuncio tuvo lugar en el Museo de Arte Costarricense y cont\u00f3 con la presencia de Jorge Rodr\u00edguez Vives, ministro de Cultura y Juventud; Ed\u00edn Sol\u00eds Rodr\u00edguez, presidente de ACAM y Patricio Morera V\u00edquez, director de la Fundaci\u00f3n La Libertad.<\/p>\n<p>Un impulso a la creatividad costarricense. Para el ministro de Cultura y Juventud, Jorge Rodr\u00edguez Vives, este fondo representa una oportunidad \u00fanica: \u201cEl Fondo Semilla Sonora no es solo un concurso: es una semilla que germina en nuevas melod\u00edas, abre caminos a nuestros artistas y reafirma el compromiso del Ministerio con la creaci\u00f3n musical costarricense. Estas iniciativas dinamizan al sector, revelan talentos que enriquecen nuestra identidad y generan oportunidades para que la m\u00fasica nacional crezca como parte esencial de nuestra econom\u00eda creativa, gracias a alianzas estrat\u00e9gicas como la que mantenemos con ACAM.\u201d<\/p>\n<p>La inversi\u00f3n conjunta alcanz\u00f3 los \u20a120.6 millones, con un aporte de \u20a110.6 millones por parte de ACAM y \u20a110 millones por parte del MCJ.<\/p>\n<p>Una convocatoria amplia e inclusiva. La convocatoria de este fondo se realiz\u00f3 durante el julio de 2025 y estuvo dirigida a las casi 5.000 personas afiliadas a ACAM y se recibieron 249 propuestas:<br \/>\n53 obras en la categor\u00eda de Composici\u00f3n<br \/>\n100 obras en Producci\u00f3n de \u00c1lbum<br \/>\n80 propuestas en Producci\u00f3n de Sencillo<\/p>\n<p class=\"\"><img loading=\"lazy\" decoding=\"async\" class=\"alignnone size-medium wp-image-14042\" src=\"https:\/\/colosalinforma.com\/inicio\/wp-content\/uploads\/2025\/09\/IMG_3597-300x200.jpg\" alt=\"\" width=\"300\" height=\"200\" srcset=\"https:\/\/colosalinforma.com\/inicio\/wp-content\/uploads\/2025\/09\/IMG_3597-300x200.jpg 300w, https:\/\/colosalinforma.com\/inicio\/wp-content\/uploads\/2025\/09\/IMG_3597-1024x683.jpg 1024w, https:\/\/colosalinforma.com\/inicio\/wp-content\/uploads\/2025\/09\/IMG_3597-768x512.jpg 768w, https:\/\/colosalinforma.com\/inicio\/wp-content\/uploads\/2025\/09\/IMG_3597-1536x1024.jpg 1536w, https:\/\/colosalinforma.com\/inicio\/wp-content\/uploads\/2025\/09\/IMG_3597-2048x1365.jpg 2048w\" sizes=\"auto, (max-width: 300px) 100vw, 300px\" \/><\/p>\n<p class=\"\">El jurado, conformado por especialistas del Centro Nacional de la M\u00fasica y del Fondo Social Cultural de ACAM, seleccion\u00f3 Andr\u00e9s Soto Mar\u00edn y proyectos ganadores que abarcaron g\u00e9neros populares, cl\u00e1sicos, contempor\u00e1neos y experimentales.<\/p>\n<p>\u201cEsta ha sido una convocatoria muy inclusiva, con propuestas de distintos g\u00e9neros musicales. Nos alegra la gran respuesta de artistas de todo el pa\u00eds y reafirmamos el compromiso de continuar impulsando este esfuerzo junto al MCJ y la Fundaci\u00f3n Parque La Libertad\u201d, se\u00f1al\u00f3 Ed\u00edn Sol\u00eds Rodr\u00edguez, presidente de ACAM.<\/p>\n<p>Proyectos seleccionados<\/p>\n<p>Composici\u00f3n<br \/>\nUn canto bajo la tierra \u2013 Isabel Guzm\u00e1n Pay\u00e9s (Popular, cantautor)<br \/>\n\u00c1rboles del principio \u2013 Elena Z\u00fa\u00f1iga Escobar (Popular, agrupaci\u00f3n)<br \/>\nDe duendes y otras criaturas m\u00e1gicas \u2013 Daniel Quesada Brenes (Cl\u00e1sico contempor\u00e1neo, ensamble)<br \/>\nSortilegios \u2013 Fabrizio Barquero Moncada (Cl\u00e1sico contempor\u00e1neo, solista\/dueto)<br \/>\ntogaF Fagot \u2013 Mauricio Fonseca L\u00f3pez (Experimental, nuevas tecnolog\u00edas)<br \/>\nLa Ayotera \u2013 Luis Diego Cubillo L\u00f3pez y Chucho L\u00f3pez (Experimental, instrumentos aut\u00f3ctonos)<\/p>\n<p>Producci\u00f3n de \u00c1lbum<br \/>\nUmami \u2013 Brandon Olsen Barquero (Popular)<br \/>\nDynamo \u2013 Verny Arguello Vargas (Popular)<br \/>\nBuena nota \u2013 Felipe P\u00e9rez Biamonte (Popular)<br \/>\nPor media calle \u2013 Pablo Andr\u00e9s Campos Salazar (Cl\u00e1sico contempor\u00e1neo)<br \/>\nMosaic of the mind \u2013 Jos\u00e9 Ignacio Gonz\u00e1lez Matamoros (Experimental)<\/p>\n<p>Producci\u00f3n de Sencillo<br \/>\nLo que no se nombra \u2013 Rodrigo Gabriel Z\u00fa\u00f1iga Rosabal (Popular)<br \/>\nGhosts and healers \u2013 Luis Diego Quintero Mu\u00f1oz (Popular)<br \/>\nFrames in time \u2013 Brandon Alfonso Mart\u00ednez Montoya (Cl\u00e1sico contempor\u00e1neo)<br \/>\nG\u00e9nesis \u2013 Joaqu\u00edn Barquero Rodr\u00edguez (Experimental)<\/p>\n<\/div>\n<\/div>\n<\/div>\n<\/div>\n","protected":false},"excerpt":{"rendered":"<p>Participaron 249 artistas y 15 personas resultaron ganadoras en las categor\u00edas de composici\u00f3n, producci\u00f3n de sencillo y producci\u00f3n de \u00e1lbum San Jos\u00e9, 23 de septiembre de 2025. Con el prop\u00f3sito de abrir nuevos caminos a la m\u00fasica original costarricense, el Ministerio de Cultura y Juventud (MCJ) anunci\u00f3 este martes a las personas ganadoras del Fondo Concursable para la Creaci\u00f3n o Producci\u00f3n de M\u00fasica Original In\u00e9dita \u201cSemilla Sonora\u201d, una iniciativa que fortalece la creatividad nacional y proyecta a nuevos talentos hacia la industria musical. Este proyecto naci\u00f3 gracias a una alianza entre el MCJ, la Asociaci\u00f3n de Compositores y Autores Musicales&#8230;<\/p>\n","protected":false},"author":6,"featured_media":14043,"comment_status":"open","ping_status":"open","sticky":false,"template":"","format":"standard","meta":{"_acf_changed":false,"footnotes":""},"categories":[43],"tags":[],"class_list":["post-14038","post","type-post","status-publish","format-standard","has-post-thumbnail","hentry","category-cultura"],"acf":[],"aioseo_notices":[],"_links":{"self":[{"href":"https:\/\/colosalinforma.com\/inicio\/wp-json\/wp\/v2\/posts\/14038","targetHints":{"allow":["GET"]}}],"collection":[{"href":"https:\/\/colosalinforma.com\/inicio\/wp-json\/wp\/v2\/posts"}],"about":[{"href":"https:\/\/colosalinforma.com\/inicio\/wp-json\/wp\/v2\/types\/post"}],"author":[{"embeddable":true,"href":"https:\/\/colosalinforma.com\/inicio\/wp-json\/wp\/v2\/users\/6"}],"replies":[{"embeddable":true,"href":"https:\/\/colosalinforma.com\/inicio\/wp-json\/wp\/v2\/comments?post=14038"}],"version-history":[{"count":1,"href":"https:\/\/colosalinforma.com\/inicio\/wp-json\/wp\/v2\/posts\/14038\/revisions"}],"predecessor-version":[{"id":14044,"href":"https:\/\/colosalinforma.com\/inicio\/wp-json\/wp\/v2\/posts\/14038\/revisions\/14044"}],"wp:featuredmedia":[{"embeddable":true,"href":"https:\/\/colosalinforma.com\/inicio\/wp-json\/wp\/v2\/media\/14043"}],"wp:attachment":[{"href":"https:\/\/colosalinforma.com\/inicio\/wp-json\/wp\/v2\/media?parent=14038"}],"wp:term":[{"taxonomy":"category","embeddable":true,"href":"https:\/\/colosalinforma.com\/inicio\/wp-json\/wp\/v2\/categories?post=14038"},{"taxonomy":"post_tag","embeddable":true,"href":"https:\/\/colosalinforma.com\/inicio\/wp-json\/wp\/v2\/tags?post=14038"}],"curies":[{"name":"wp","href":"https:\/\/api.w.org\/{rel}","templated":true}]}}