{"id":14355,"date":"2025-10-09T11:17:06","date_gmt":"2025-10-09T17:17:06","guid":{"rendered":"https:\/\/colosalinforma.com\/inicio\/?p=14355"},"modified":"2025-10-09T11:22:04","modified_gmt":"2025-10-09T17:22:04","slug":"costa-rica-sera-la-locacion-de-los-nuevos-videoclips-del-cantante-juanes","status":"publish","type":"post","link":"https:\/\/colosalinforma.com\/inicio\/costa-rica-sera-la-locacion-de-los-nuevos-videoclips-del-cantante-juanes\/","title":{"rendered":"Costa Rica ser\u00e1 la locaci\u00f3n de los nuevos videoclips del cantante Juanes"},"content":{"rendered":"<h4>El cantante colombiano Juanes visitar\u00e1 algunas exuberantes locaciones llenas de biodiversidad, cultura y naturaleza, en distintas regiones de Costa Rica, durante el mes de octubre. La raz\u00f3n de su presencia y la de su equipo de producci\u00f3n, consiste en contar con m\u00e1gicos escenarios para la grabaci\u00f3n de algunos de los videoclips de su pr\u00f3ximo material.<\/h4>\n<p><span style=\"color: #000000;\">La lista de locaciones seleccionadas incluye el Caribe costarricense, Guanacaste y la Zona Norte del pa\u00eds y se seleccionaron cataratas, playas, canales, pozas, las faldas de un volc\u00e1n y hasta un telef\u00e9rico.<\/span><\/p>\n<p><span style=\"color: #000000;\">Esta iniciativa forma parte de una de las acciones promocionales del Instituto Costarricense de Turismo (ICT), -programadas durante el 2025-, para atraer m\u00e1s turistas en el mercado colombiano y de Latinoam\u00e9rica, ya que el cantante es ampliamente conocido en todo el continente y a nivel mundial. Esta alianza fue posible gracias a las gestiones realizadas con la disquera del cantante (Universal Music Latino) y su equipo de management.<\/span><\/p>\n<p><span style=\"color: #000000;\">\u201cCosta Rica tiene un amplio potencial para el desarrollo del turismo f\u00edlmico y recientemente se ha convertido en un destino ideal para que celebridades de la m\u00fasica, el cine, la televisi\u00f3n y las plataformas de streaming escojan a nuestro pa\u00eds para la producci\u00f3n de audiovisuales de alta calidad\u201d, manifest\u00f3 Melissa Tencio, coordinadora de marca y estrategia del ICT.<\/span><\/p>\n<p><span style=\"color: #000000;\">Tencio a\u00f1adi\u00f3 que, en la actualidad, las producciones audiovisuales con personalidades o generadores de contenidos que viven experiencias inolvidables constituyen una herramienta promocional de alto impacto para los destinos tur\u00edsticos.<\/span><\/p>\n<p><span style=\"color: #000000;\">Colombia representa el segundo mercado emisor de turistas sudamericanos hacia Costa Rica. Seg\u00fan los registros m\u00e1s recientes del ICT, entre enero y agosto de contabiliz\u00f3 la visita de 21,683 viajeros colombianos por la v\u00eda a\u00e9rea y 96,467 turistas de Am\u00e9rica del Sur por la misma v\u00eda.<\/span><\/p>\n<h4><strong>Un \u00edcono de la m\u00fasica Latinoamericana<\/strong><\/h4>\n<p><span style=\"color: #000000;\">Juanes es mundialmente conocido como uno de los artistas latinoamericanos m\u00e1s sobresalientes con una amplia lista de \u00e9xitos como \u201c<em>A Dios le pido\u201d, \u201cLa camisa negra\u201d, \u201cEs por ti\u201d, \u201cF\u00edjate Bien\u201d, \u201cFotograf\u00eda\u201d<\/em>, entre muchos otros. Recientemente fue nombrado por la revista Billboard como uno de los artistas Latinos m\u00e1s influyentes del siglo 21.<\/span><\/p>\n<p><span style=\"color: #000000;\">Juan Esteban Aristiz\u00e1bal V\u00e1zquez cuenta con una amplia trayectoria musical de m\u00e1s de veinticinco a\u00f1os como cantante, compositor, guitarrista, y productor. Su paso por los escenarios de cientos de pa\u00edses con locaciones abarrotadas, la presencia en los primeros lugares en las listas de \u00e9xitos m\u00e1s importantes, y su amplia discograf\u00eda, le han permitido se merecedor de 26 Latin Grammys y 4 Grammys. Adem\u00e1s, ha recibido varios premios MTV, Lo Nuestro, y los m\u00e1ximos reconocimientos en el Festival Internacional de la Canci\u00f3n de Vi\u00f1a del Mar, tan solo por citar algunos.<\/span><\/p>\n<p><span style=\"color: #000000;\">Registra m\u00e1s de 20 millones de discos vendidos en el mundo y actualmente cuenta con m\u00e1s de 20 millones de seguidores en sus plataformas digitales. Durante este mes de octubre, Juanes realizar\u00e1 conciertos en El Salvador, Guatemala, Honduras, Bolivia, Uruguay, y Argentina como parte de su tour por Latinoam\u00e9rica.<\/span><\/p>\n<p><img loading=\"lazy\" decoding=\"async\" id=\"m_8054267843893257484_x0000_i1030\" class=\"CToWUd a6T aligncenter\" tabindex=\"0\" src=\"https:\/\/ci3.googleusercontent.com\/meips\/ADKq_Na8zdzYNnBXkJGAg9pMTYzzu__UDbfzVf6wkv_qAN7p6Iucki0Ky67tSzP3J0MRnw5mmzR6TQNf2bdp5-SquDGUzRpmIMVYekQUm277wcoVAWuc4uvhxCjHYJ0uyPFtR9Lup3eoV3lcZ9XyUqtdkjgUMoR-CV2BQd4=s0-d-e1-ft#https:\/\/mcusercontent.com\/0cd9ecdcbc2a297a654ca0c98\/images\/fc08261f-13fb-2ddf-2789-47138d789d9e.jpg\" width=\"850\" height=\"1404\" border=\"0\" data-bit=\"iit\" \/><\/p>\n","protected":false},"excerpt":{"rendered":"<p>El cantante colombiano Juanes visitar\u00e1 algunas exuberantes locaciones llenas de biodiversidad, cultura y naturaleza, en distintas regiones de Costa Rica, durante el mes de octubre. La raz\u00f3n de su presencia y la de su equipo de producci\u00f3n, consiste en contar con m\u00e1gicos escenarios para la grabaci\u00f3n de algunos de los videoclips de su pr\u00f3ximo material. La lista de locaciones seleccionadas incluye el Caribe costarricense, Guanacaste y la Zona Norte del pa\u00eds y se seleccionaron cataratas, playas, canales, pozas, las faldas de un volc\u00e1n y hasta un telef\u00e9rico. Esta iniciativa forma parte de una de las acciones promocionales del Instituto Costarricense&#8230;<\/p>\n","protected":false},"author":2,"featured_media":14359,"comment_status":"open","ping_status":"open","sticky":false,"template":"","format":"standard","meta":{"_acf_changed":false,"footnotes":""},"categories":[43],"tags":[],"class_list":["post-14355","post","type-post","status-publish","format-standard","has-post-thumbnail","hentry","category-cultura"],"acf":[],"aioseo_notices":[],"_links":{"self":[{"href":"https:\/\/colosalinforma.com\/inicio\/wp-json\/wp\/v2\/posts\/14355","targetHints":{"allow":["GET"]}}],"collection":[{"href":"https:\/\/colosalinforma.com\/inicio\/wp-json\/wp\/v2\/posts"}],"about":[{"href":"https:\/\/colosalinforma.com\/inicio\/wp-json\/wp\/v2\/types\/post"}],"author":[{"embeddable":true,"href":"https:\/\/colosalinforma.com\/inicio\/wp-json\/wp\/v2\/users\/2"}],"replies":[{"embeddable":true,"href":"https:\/\/colosalinforma.com\/inicio\/wp-json\/wp\/v2\/comments?post=14355"}],"version-history":[{"count":1,"href":"https:\/\/colosalinforma.com\/inicio\/wp-json\/wp\/v2\/posts\/14355\/revisions"}],"predecessor-version":[{"id":14358,"href":"https:\/\/colosalinforma.com\/inicio\/wp-json\/wp\/v2\/posts\/14355\/revisions\/14358"}],"wp:featuredmedia":[{"embeddable":true,"href":"https:\/\/colosalinforma.com\/inicio\/wp-json\/wp\/v2\/media\/14359"}],"wp:attachment":[{"href":"https:\/\/colosalinforma.com\/inicio\/wp-json\/wp\/v2\/media?parent=14355"}],"wp:term":[{"taxonomy":"category","embeddable":true,"href":"https:\/\/colosalinforma.com\/inicio\/wp-json\/wp\/v2\/categories?post=14355"},{"taxonomy":"post_tag","embeddable":true,"href":"https:\/\/colosalinforma.com\/inicio\/wp-json\/wp\/v2\/tags?post=14355"}],"curies":[{"name":"wp","href":"https:\/\/api.w.org\/{rel}","templated":true}]}}