{"id":14499,"date":"2025-10-16T09:33:45","date_gmt":"2025-10-16T15:33:45","guid":{"rendered":"https:\/\/colosalinforma.com\/inicio\/?p=14499"},"modified":"2025-10-16T09:33:45","modified_gmt":"2025-10-16T15:33:45","slug":"karol-g-canta-en-la-pasarela-en-el-victorias-secret-fashion-show","status":"publish","type":"post","link":"https:\/\/colosalinforma.com\/inicio\/karol-g-canta-en-la-pasarela-en-el-victorias-secret-fashion-show\/","title":{"rendered":"Karol G canta en la pasarela en el Victoria\u2019s Secret Fashion Show"},"content":{"rendered":"<div class=\"boldgrid-section\">\n<div class=\"container\">\n<div class=\"row\">\n<div class=\"col-lg-12 col-md-12 col-xs-12 col-sm-12\">\n<p><span style=\"color: #000000;\"><a style=\"color: #000000;\" href=\"https:\/\/www.unotv.com\/etiquetas\/karol-g\/\">Karol G<\/a> fue una de las cantantes que se present\u00f3 en el m\u00edtico desfile de <strong>Victoria\u2019s Secret Fashion Show 2025<\/strong> este mi\u00e9rcoles 15 de octubre, evento que se realiz\u00f3 en <strong>Nueva York.<\/strong><\/span><\/p>\n<p><span style=\"color: #000000;\">La <strong>\u201cBichota\u201d <\/strong>deslumbr\u00f3 en color rojo durante su presentaci\u00f3n, adem\u00e1s se coloc\u00f3 las m\u00edticas alas de las modelos de la marca de lencer\u00eda para terminar con su presentaci\u00f3n.<\/span><\/p>\n<figure class=\"wp-block-embed is-type-rich is-provider-twitter wp-block-embed-twitter\">\n<div class=\"wp-block-embed__wrapper\">\n<div class=\"amx-core-embed-social\">\n<div class=\"twitter-tweet twitter-tweet-rendered\"><iframe id=\"twitter-widget-0\" class=\"\" title=\"X Post\" src=\"https:\/\/platform.twitter.com\/embed\/Tweet.html?creatorScreenName=unonoticias&dnt=true&embedId=twitter-widget-0&features=eyJ0ZndfdGltZWxpbmVfbGlzdCI6eyJidWNrZXQiOltdLCJ2ZXJzaW9uIjpudWxsfSwidGZ3X2ZvbGxvd2VyX2NvdW50X3N1bnNldCI6eyJidWNrZXQiOnRydWUsInZlcnNpb24iOm51bGx9LCJ0ZndfdHdlZXRfZWRpdF9iYWNrZW5kIjp7ImJ1Y2tldCI6Im9uIiwidmVyc2lvbiI6bnVsbH0sInRmd19yZWZzcmNfc2Vzc2lvbiI6eyJidWNrZXQiOiJvbiIsInZlcnNpb24iOm51bGx9LCJ0ZndfZm9zbnJfc29mdF9pbnRlcnZlbnRpb25zX2VuYWJsZWQiOnsiYnVja2V0Ijoib24iLCJ2ZXJzaW9uIjpudWxsfSwidGZ3X21peGVkX21lZGlhXzE1ODk3Ijp7ImJ1Y2tldCI6InRyZWF0bWVudCIsInZlcnNpb24iOm51bGx9LCJ0ZndfZXhwZXJpbWVudHNfY29va2llX2V4cGlyYXRpb24iOnsiYnVja2V0IjoxMjA5NjAwLCJ2ZXJzaW9uIjpudWxsfSwidGZ3X3Nob3dfYmlyZHdhdGNoX3Bpdm90c19lbmFibGVkIjp7ImJ1Y2tldCI6Im9uIiwidmVyc2lvbiI6bnVsbH0sInRmd19kdXBsaWNhdGVfc2NyaWJlc190b19zZXR0aW5ncyI6eyJidWNrZXQiOiJvbiIsInZlcnNpb24iOm51bGx9LCJ0ZndfdXNlX3Byb2ZpbGVfaW1hZ2Vfc2hhcGVfZW5hYmxlZCI6eyJidWNrZXQiOiJvbiIsInZlcnNpb24iOm51bGx9LCJ0ZndfdmlkZW9faGxzX2R5bmFtaWNfbWFuaWZlc3RzXzE1MDgyIjp7ImJ1Y2tldCI6InRydWVfYml0cmF0ZSIsInZlcnNpb24iOm51bGx9LCJ0ZndfbGVnYWN5X3RpbWVsaW5lX3N1bnNldCI6eyJidWNrZXQiOnRydWUsInZlcnNpb24iOm51bGx9LCJ0ZndfdHdlZXRfZWRpdF9mcm9udGVuZCI6eyJidWNrZXQiOiJvbiIsInZlcnNpb24iOm51bGx9fQ%3D%3D&frame=false&hideCard=false&hideThread=false&id=1978613693786059055&lang=es&origin=https%3A%2F%2Fwww.unotv.com%2Fentretenimiento%2Fkarol-g-canta-y-domina-la-pasarela-en-el-victorias-secret-fashion-show-2025%2F&sessionId=1bb5d6ade2744f1dbf5886b5431ba766533d0615&siteScreenName=unonoticias&theme=light&widgetsVersion=2615f7e52b7e0%3A1702314776716&width=500px\" frameborder=\"0\" scrolling=\"no\" allowfullscreen=\"allowfullscreen\" data-tweet-id=\"1978613693786059055\" data-mce-fragment=\"1\"><\/iframe><\/div>\n<\/div>\n<\/div>\n<\/figure>\n<h2 id=\"h-asi-fue-la-presentacion-de-karol-g-en-el-victoria-s-secret-fashion-show-2025\" class=\"wp-block-heading\"><span style=\"color: #000000;\">As\u00ed fue la presentaci\u00f3n de Karol G en el Victoria\u2019s Secret Fashion Show 2025<\/span><\/h2>\n<p><span style=\"color: #000000;\">La colombiana no defraud\u00f3 durante su presentaci\u00f3n en el <strong>Victoria\u2019s Secret Fashion Show 2025<\/strong> donde interpret\u00f3 su \u00e9xito <strong>\u201cIvonny Bonita\u201d<\/strong>.<\/span><\/p>\n<div class=\"code-block code-block-1\"><\/div>\n<p><span style=\"color: #000000;\">En su actuaci\u00f3n luci\u00f3 un<em> body<\/em> completo en color rojo que marcaba su figura acompa\u00f1ado con un pareo del mismo color, mientras desfilaban a su alrededor una de las modelos m\u00e1s famosas del mundo, como <strong>Bella Hadid<\/strong>.<\/span><\/p>\n<div class=\"code-block code-block-2\">\n<div class=\"truvidPos\"><\/div>\n<\/div>\n<figure class=\"wp-block-embed is-type-rich is-provider-twitter wp-block-embed-twitter\">\n<div class=\"wp-block-embed__wrapper\">\n<div class=\"amx-core-embed-social\">\n<div class=\"twitter-tweet twitter-tweet-rendered\"><iframe id=\"twitter-widget-1\" class=\"\" title=\"X Post\" src=\"https:\/\/platform.twitter.com\/embed\/Tweet.html?creatorScreenName=unonoticias&dnt=true&embedId=twitter-widget-1&features=eyJ0ZndfdGltZWxpbmVfbGlzdCI6eyJidWNrZXQiOltdLCJ2ZXJzaW9uIjpudWxsfSwidGZ3X2ZvbGxvd2VyX2NvdW50X3N1bnNldCI6eyJidWNrZXQiOnRydWUsInZlcnNpb24iOm51bGx9LCJ0ZndfdHdlZXRfZWRpdF9iYWNrZW5kIjp7ImJ1Y2tldCI6Im9uIiwidmVyc2lvbiI6bnVsbH0sInRmd19yZWZzcmNfc2Vzc2lvbiI6eyJidWNrZXQiOiJvbiIsInZlcnNpb24iOm51bGx9LCJ0ZndfZm9zbnJfc29mdF9pbnRlcnZlbnRpb25zX2VuYWJsZWQiOnsiYnVja2V0Ijoib24iLCJ2ZXJzaW9uIjpudWxsfSwidGZ3X21peGVkX21lZGlhXzE1ODk3Ijp7ImJ1Y2tldCI6InRyZWF0bWVudCIsInZlcnNpb24iOm51bGx9LCJ0ZndfZXhwZXJpbWVudHNfY29va2llX2V4cGlyYXRpb24iOnsiYnVja2V0IjoxMjA5NjAwLCJ2ZXJzaW9uIjpudWxsfSwidGZ3X3Nob3dfYmlyZHdhdGNoX3Bpdm90c19lbmFibGVkIjp7ImJ1Y2tldCI6Im9uIiwidmVyc2lvbiI6bnVsbH0sInRmd19kdXBsaWNhdGVfc2NyaWJlc190b19zZXR0aW5ncyI6eyJidWNrZXQiOiJvbiIsInZlcnNpb24iOm51bGx9LCJ0ZndfdXNlX3Byb2ZpbGVfaW1hZ2Vfc2hhcGVfZW5hYmxlZCI6eyJidWNrZXQiOiJvbiIsInZlcnNpb24iOm51bGx9LCJ0ZndfdmlkZW9faGxzX2R5bmFtaWNfbWFuaWZlc3RzXzE1MDgyIjp7ImJ1Y2tldCI6InRydWVfYml0cmF0ZSIsInZlcnNpb24iOm51bGx9LCJ0ZndfbGVnYWN5X3RpbWVsaW5lX3N1bnNldCI6eyJidWNrZXQiOnRydWUsInZlcnNpb24iOm51bGx9LCJ0ZndfdHdlZXRfZWRpdF9mcm9udGVuZCI6eyJidWNrZXQiOiJvbiIsInZlcnNpb24iOm51bGx9fQ%3D%3D&frame=false&hideCard=false&hideThread=false&id=1978606642808709569&lang=es&origin=https%3A%2F%2Fwww.unotv.com%2Fentretenimiento%2Fkarol-g-canta-y-domina-la-pasarela-en-el-victorias-secret-fashion-show-2025%2F&sessionId=1bb5d6ade2744f1dbf5886b5431ba766533d0615&siteScreenName=unonoticias&theme=light&widgetsVersion=2615f7e52b7e0%3A1702314776716&width=500px\" frameborder=\"0\" scrolling=\"no\" allowfullscreen=\"allowfullscreen\" data-tweet-id=\"1978606642808709569\" data-mce-fragment=\"1\"><\/iframe><\/div>\n<\/div>\n<\/div>\n<\/figure>\n<p><span style=\"color: #000000;\">La presentaci\u00f3n de la colombiana se vuelve ic\u00f3nica porque es la primera artista en cantar en espa\u00f1ol en uno de los eventos m\u00e1s medi\u00e1ticos de la industria.<\/span><\/p>\n<div class=\"code-block code-block-8\">\n<div class=\"code-block\"><\/div>\n<div class=\"code-block\"><\/div>\n<\/div>\n<p><span style=\"color: #000000;\">El momento se prestaba para tomar la pasarela por \u201casalto\u201d y la<strong> \u201cBichota\u201d<\/strong> no dud\u00f3 en hacerlo, as\u00ed que solo desapareci\u00f3 durante unos minutos del escenario para colocarse las m\u00edticas alas de las modelos de<strong> Victoria\u2019s Secret Fashion Show 2025<\/strong> y brillar con presencia.<\/span><\/p>\n<div class=\"code-block code-block-18\"><\/div>\n<p><span style=\"color: #000000;\"><strong>Karol G<\/strong> hizo el recorrido disfrutando del momento y de que todas las miradas estaban puestas en una de las cantantes latinas m\u00e1s importantes de los \u00faltimos a\u00f1os.<\/span><\/p>\n<figure class=\"wp-block-embed is-type-rich is-provider-twitter wp-block-embed-twitter\">\n<div class=\"wp-block-embed__wrapper\">\n<div class=\"amx-core-embed-social\">\n<div class=\"twitter-tweet twitter-tweet-rendered\"><iframe id=\"twitter-widget-2\" class=\"\" title=\"X Post\" src=\"https:\/\/platform.twitter.com\/embed\/Tweet.html?creatorScreenName=unonoticias&dnt=true&embedId=twitter-widget-2&features=eyJ0ZndfdGltZWxpbmVfbGlzdCI6eyJidWNrZXQiOltdLCJ2ZXJzaW9uIjpudWxsfSwidGZ3X2ZvbGxvd2VyX2NvdW50X3N1bnNldCI6eyJidWNrZXQiOnRydWUsInZlcnNpb24iOm51bGx9LCJ0ZndfdHdlZXRfZWRpdF9iYWNrZW5kIjp7ImJ1Y2tldCI6Im9uIiwidmVyc2lvbiI6bnVsbH0sInRmd19yZWZzcmNfc2Vzc2lvbiI6eyJidWNrZXQiOiJvbiIsInZlcnNpb24iOm51bGx9LCJ0ZndfZm9zbnJfc29mdF9pbnRlcnZlbnRpb25zX2VuYWJsZWQiOnsiYnVja2V0Ijoib24iLCJ2ZXJzaW9uIjpudWxsfSwidGZ3X21peGVkX21lZGlhXzE1ODk3Ijp7ImJ1Y2tldCI6InRyZWF0bWVudCIsInZlcnNpb24iOm51bGx9LCJ0ZndfZXhwZXJpbWVudHNfY29va2llX2V4cGlyYXRpb24iOnsiYnVja2V0IjoxMjA5NjAwLCJ2ZXJzaW9uIjpudWxsfSwidGZ3X3Nob3dfYmlyZHdhdGNoX3Bpdm90c19lbmFibGVkIjp7ImJ1Y2tldCI6Im9uIiwidmVyc2lvbiI6bnVsbH0sInRmd19kdXBsaWNhdGVfc2NyaWJlc190b19zZXR0aW5ncyI6eyJidWNrZXQiOiJvbiIsInZlcnNpb24iOm51bGx9LCJ0ZndfdXNlX3Byb2ZpbGVfaW1hZ2Vfc2hhcGVfZW5hYmxlZCI6eyJidWNrZXQiOiJvbiIsInZlcnNpb24iOm51bGx9LCJ0ZndfdmlkZW9faGxzX2R5bmFtaWNfbWFuaWZlc3RzXzE1MDgyIjp7ImJ1Y2tldCI6InRydWVfYml0cmF0ZSIsInZlcnNpb24iOm51bGx9LCJ0ZndfbGVnYWN5X3RpbWVsaW5lX3N1bnNldCI6eyJidWNrZXQiOnRydWUsInZlcnNpb24iOm51bGx9LCJ0ZndfdHdlZXRfZWRpdF9mcm9udGVuZCI6eyJidWNrZXQiOiJvbiIsInZlcnNpb24iOm51bGx9fQ%3D%3D&frame=false&hideCard=false&hideThread=false&id=1978608325269795182&lang=es&origin=https%3A%2F%2Fwww.unotv.com%2Fentretenimiento%2Fkarol-g-canta-y-domina-la-pasarela-en-el-victorias-secret-fashion-show-2025%2F&sessionId=1bb5d6ade2744f1dbf5886b5431ba766533d0615&siteScreenName=unonoticias&theme=light&widgetsVersion=2615f7e52b7e0%3A1702314776716&width=500px\" frameborder=\"0\" scrolling=\"no\" allowfullscreen=\"allowfullscreen\" data-tweet-id=\"1978608325269795182\" data-mce-fragment=\"1\"><\/iframe><\/p>\n<h2 id=\"h-el-comienzo-del-desfile-marca-un-hito\" class=\"wp-block-heading\"><span style=\"color: #000000;\">El comienzo del desfile marca un hito<\/span><\/h2>\n<p><span style=\"color: #000000;\">La presencia de<strong> Karol G <\/strong>en el evento no fue lo \u00fanico que llam\u00f3 la atenci\u00f3n, tambi\u00e9n lo hizo la modelo <strong>Jasmine Tookes<\/strong>, quien deslumbr\u00f3 al inici\u00f3 del show mostrando su embarazo.<\/span><\/p>\n<figure class=\"wp-block-embed is-type-rich is-provider-twitter wp-block-embed-twitter\">\n<div class=\"wp-block-embed__wrapper\">\n<div class=\"amx-core-embed-social\">\n<div class=\"twitter-tweet twitter-tweet-rendered\"><iframe id=\"twitter-widget-3\" class=\"\" title=\"X Post\" src=\"https:\/\/platform.twitter.com\/embed\/Tweet.html?creatorScreenName=unonoticias&dnt=true&embedId=twitter-widget-3&features=eyJ0ZndfdGltZWxpbmVfbGlzdCI6eyJidWNrZXQiOltdLCJ2ZXJzaW9uIjpudWxsfSwidGZ3X2ZvbGxvd2VyX2NvdW50X3N1bnNldCI6eyJidWNrZXQiOnRydWUsInZlcnNpb24iOm51bGx9LCJ0ZndfdHdlZXRfZWRpdF9iYWNrZW5kIjp7ImJ1Y2tldCI6Im9uIiwidmVyc2lvbiI6bnVsbH0sInRmd19yZWZzcmNfc2Vzc2lvbiI6eyJidWNrZXQiOiJvbiIsInZlcnNpb24iOm51bGx9LCJ0ZndfZm9zbnJfc29mdF9pbnRlcnZlbnRpb25zX2VuYWJsZWQiOnsiYnVja2V0Ijoib24iLCJ2ZXJzaW9uIjpudWxsfSwidGZ3X21peGVkX21lZGlhXzE1ODk3Ijp7ImJ1Y2tldCI6InRyZWF0bWVudCIsInZlcnNpb24iOm51bGx9LCJ0ZndfZXhwZXJpbWVudHNfY29va2llX2V4cGlyYXRpb24iOnsiYnVja2V0IjoxMjA5NjAwLCJ2ZXJzaW9uIjpudWxsfSwidGZ3X3Nob3dfYmlyZHdhdGNoX3Bpdm90c19lbmFibGVkIjp7ImJ1Y2tldCI6Im9uIiwidmVyc2lvbiI6bnVsbH0sInRmd19kdXBsaWNhdGVfc2NyaWJlc190b19zZXR0aW5ncyI6eyJidWNrZXQiOiJvbiIsInZlcnNpb24iOm51bGx9LCJ0ZndfdXNlX3Byb2ZpbGVfaW1hZ2Vfc2hhcGVfZW5hYmxlZCI6eyJidWNrZXQiOiJvbiIsInZlcnNpb24iOm51bGx9LCJ0ZndfdmlkZW9faGxzX2R5bmFtaWNfbWFuaWZlc3RzXzE1MDgyIjp7ImJ1Y2tldCI6InRydWVfYml0cmF0ZSIsInZlcnNpb24iOm51bGx9LCJ0ZndfbGVnYWN5X3RpbWVsaW5lX3N1bnNldCI6eyJidWNrZXQiOnRydWUsInZlcnNpb24iOm51bGx9LCJ0ZndfdHdlZXRfZWRpdF9mcm9udGVuZCI6eyJidWNrZXQiOiJvbiIsInZlcnNpb24iOm51bGx9fQ%3D%3D&frame=false&hideCard=false&hideThread=false&id=1978601630195961936&lang=es&origin=https%3A%2F%2Fwww.unotv.com%2Fentretenimiento%2Fkarol-g-canta-y-domina-la-pasarela-en-el-victorias-secret-fashion-show-2025%2F&sessionId=1bb5d6ade2744f1dbf5886b5431ba766533d0615&siteScreenName=unonoticias&theme=light&widgetsVersion=2615f7e52b7e0%3A1702314776716&width=500px\" frameborder=\"0\" scrolling=\"no\" allowfullscreen=\"allowfullscreen\" data-tweet-id=\"1978601630195961936\"><\/iframe><\/div>\n<\/div>\n<\/div>\n<\/figure>\n<p class=\"\"><span style=\"color: #000000;\">La pasarela de una modelo embarazada ser\u00eda impensable hace algunos a\u00f1os en el show, pero despu\u00e9s de varios a\u00f1os de estar cancelado, el <strong>Victoria\u2019s Secret Fashion Show 2025<\/strong> se convirti\u00f3 en un escaparate para la diversidad.El show cont\u00f3 con nuevas caras en el modelaje, pero tambi\u00e9n tuvo a los grandes nombres que eran referencias en ediciones pasadas como las brasile\u00f1as<strong> Adriana Lima <\/strong>y<strong> Alessandra Ambrosio<\/strong>.<\/span><\/p>\n<\/div>\n<\/div>\n<\/div>\n<\/figure>\n<\/div>\n<\/div>\n<\/div>\n<\/div>\n","protected":false},"excerpt":{"rendered":"<p>Karol G fue una de las cantantes que se present\u00f3 en el m\u00edtico desfile de Victoria\u2019s Secret Fashion Show 2025 este mi\u00e9rcoles 15 de octubre, evento que se realiz\u00f3 en Nueva York. La \u201cBichota\u201d deslumbr\u00f3 en color rojo durante su presentaci\u00f3n, adem\u00e1s se coloc\u00f3 las m\u00edticas alas de las modelos de la marca de lencer\u00eda para terminar con su presentaci\u00f3n. As\u00ed fue la presentaci\u00f3n de Karol G en el Victoria\u2019s Secret Fashion Show 2025 La colombiana no defraud\u00f3 durante su presentaci\u00f3n en el Victoria\u2019s Secret Fashion Show 2025 donde interpret\u00f3 su \u00e9xito \u201cIvonny Bonita\u201d. En su actuaci\u00f3n luci\u00f3 un body&#8230;<\/p>\n","protected":false},"author":4,"featured_media":14502,"comment_status":"open","ping_status":"open","sticky":false,"template":"","format":"standard","meta":{"_acf_changed":false,"footnotes":""},"categories":[41],"tags":[],"class_list":["post-14499","post","type-post","status-publish","format-standard","has-post-thumbnail","hentry","category-entretenimiento"],"acf":[],"aioseo_notices":[],"_links":{"self":[{"href":"https:\/\/colosalinforma.com\/inicio\/wp-json\/wp\/v2\/posts\/14499","targetHints":{"allow":["GET"]}}],"collection":[{"href":"https:\/\/colosalinforma.com\/inicio\/wp-json\/wp\/v2\/posts"}],"about":[{"href":"https:\/\/colosalinforma.com\/inicio\/wp-json\/wp\/v2\/types\/post"}],"author":[{"embeddable":true,"href":"https:\/\/colosalinforma.com\/inicio\/wp-json\/wp\/v2\/users\/4"}],"replies":[{"embeddable":true,"href":"https:\/\/colosalinforma.com\/inicio\/wp-json\/wp\/v2\/comments?post=14499"}],"version-history":[{"count":1,"href":"https:\/\/colosalinforma.com\/inicio\/wp-json\/wp\/v2\/posts\/14499\/revisions"}],"predecessor-version":[{"id":14503,"href":"https:\/\/colosalinforma.com\/inicio\/wp-json\/wp\/v2\/posts\/14499\/revisions\/14503"}],"wp:featuredmedia":[{"embeddable":true,"href":"https:\/\/colosalinforma.com\/inicio\/wp-json\/wp\/v2\/media\/14502"}],"wp:attachment":[{"href":"https:\/\/colosalinforma.com\/inicio\/wp-json\/wp\/v2\/media?parent=14499"}],"wp:term":[{"taxonomy":"category","embeddable":true,"href":"https:\/\/colosalinforma.com\/inicio\/wp-json\/wp\/v2\/categories?post=14499"},{"taxonomy":"post_tag","embeddable":true,"href":"https:\/\/colosalinforma.com\/inicio\/wp-json\/wp\/v2\/tags?post=14499"}],"curies":[{"name":"wp","href":"https:\/\/api.w.org\/{rel}","templated":true}]}}