{"id":14504,"date":"2025-10-16T09:35:41","date_gmt":"2025-10-16T15:35:41","guid":{"rendered":"https:\/\/colosalinforma.com\/inicio\/?p=14504"},"modified":"2025-10-16T09:35:41","modified_gmt":"2025-10-16T15:35:41","slug":"f1-la-pelicula-con-brad-pitt-llegara-a-apple-tv","status":"publish","type":"post","link":"https:\/\/colosalinforma.com\/inicio\/f1-la-pelicula-con-brad-pitt-llegara-a-apple-tv\/","title":{"rendered":"\u201cF1: La Pel\u00edcula\u201d con Brad Pitt llegar\u00e1 a Apple TV"},"content":{"rendered":"<div class=\"boldgrid-section\">\n<div class=\"container\">\n<div class=\"row\">\n<div class=\"col-lg-12 col-md-12 col-xs-12 col-sm-12\">\n<p><span style=\"color: #000000;\"><strong>\u201cF1: La Pel\u00edcula\u201d<\/strong>, protagonizada por <strong>Brad Pitt<\/strong>, se estrenar\u00e1 en l\u00ednea de manera global a trav\u00e9s de la plataforma <strong>Apple TV<\/strong> el pr\u00f3ximo <strong>viernes 12 de diciembre de 2025<\/strong>. La cinta mostrar\u00e1 <a style=\"color: #000000;\" href=\"https:\/\/www.unotv.com\/entretenimiento\/f1-la-pelicula-actores-revelan-como-se-adentraron-al-mundo-de-la-formula-1\/\" target=\"_blank\" rel=\"noreferrer noopener\">el resurgimiento<\/a> de <strong>Sonny Hayes<\/strong> al frente de una escuder\u00eda de F\u00f3rmula 1 y de un equipo que conf\u00eda plenamente en su regreso a las pistas.<\/span><\/p>\n<p><span style=\"color: #000000;\">De acuerdo con <strong><em>Variety<\/em><\/strong>, la producci\u00f3n alcanz\u00f3 una <strong>recaudaci\u00f3n mundial de 629 millones de d\u00f3lares<\/strong>, con un presupuesto estimado en <strong>250 millones de d\u00f3lares<\/strong>, consolid\u00e1ndose como uno de los mayores \u00e9xitos cinematogr\u00e1ficos de la plataforma.<\/span><\/p>\n<h2 id=\"h-exito-de-f1-la-pelicula-impulsa-a-apple-tv\" class=\"wp-block-heading\"><span style=\"color: #000000;\"><strong>\u00c9xito de \u201cF1: La Pel\u00edcula\u201d impulsa a Apple TV<\/strong><\/span><\/h2>\n<p><span style=\"color: #000000;\">El medio especializado destac\u00f3 que el estreno de <strong>\u201cF1: La Pel\u00edcula\u201d<\/strong> en diciembre de 2025 ser\u00e1 uno de los lanzamientos m\u00e1s esperados del a\u00f1o. En entrevista, el productor <strong>Jerry Bruckheimer<\/strong> expres\u00f3 su entusiasmo por llevar esta historia al p\u00fablico global mediante la plataforma de la manzana.<\/span><\/p>\n<div class=\"code-block code-block-1\"><\/div>\n<p><span style=\"color: #000000;\">\u201cEstamos sumamente emocionados de llevar esta aventura cinematogr\u00e1fica a los fans de todo el mundo a trav\u00e9s del alcance global inigualable de <strong>Apple TV<\/strong>. Colaborar con <strong>Apple<\/strong> y la <strong>F\u00f3rmula 1<\/strong> ha sido una experiencia incre\u00edble, y nos enorgullece que m\u00e1s espectadores puedan disfrutar la acci\u00f3n y la pasi\u00f3n que definen la \u2018F1\u2019\u201d, declar\u00f3.<\/span><\/p>\n<div class=\"code-block code-block-2\">\n<div class=\"truvidPos\"><\/div>\n<\/div>\n<p><span style=\"color: #000000;\">El \u00e9xito de esta <strong><a style=\"color: #000000;\" href=\"https:\/\/www.unotv.com\/entretenimiento\/f1-la-pelicula-asi-colaboro-la-escuderia-mercedes-con-la-produccion-del-filme-de-brad-pitt\/\" target=\"_blank\" rel=\"noreferrer noopener\">pel\u00edcula de carreras<\/a><\/strong> marc\u00f3 un avance significativo para <strong>Apple<\/strong>, especialmente en comparaci\u00f3n con otras producciones como <strong>\u201cNapoleon\u201d<\/strong>. Su <strong>exhibici\u00f3n internacional<\/strong> fue clave para alcanzar una cifra de <strong>439 millones de d\u00f3lares en taquilla<\/strong> solo en el extranjero.<\/span><\/p>\n<div class=\"code-block code-block-8\">\n<div class=\"code-block\"><\/div>\n<div class=\"code-block\"><\/div>\n<\/div>\n<h2 id=\"h-tecnologia-de-apple-en-la-promocion-de-f1-la-pelicula\" class=\"wp-block-heading\"><span style=\"color: #000000;\"><strong>Tecnolog\u00eda de Apple en la promoci\u00f3n de \u201cF1: La Pel\u00edcula\u201d<\/strong><\/span><\/h2>\n<div class=\"players-video-youtube-jw\">\n<div class=\"ima-container\" id=\"J67b691fcb59466ca54861a6b9034de6\" data-ad=\"https:\/\/pubads.g.doubleclick.net\/gampad\/ads?iu=\/121173452\/UnoTV\/YTB-DI&description_url=https%3A%2F%2Fwww.unotv.com&tfcd=0&npa=0&sz=480x70|480x360|480x361&ciu_szs=300x60%2C300x250&gdfp_req=1&output=vast&env=vp&unviewed_position_start=1&impl=s&correlator=\" data-video=\"8yh9BPUBbbQ\" data-time=\"\" data-autoplay=\"true\" title=\"Reproductor de Video\" allow=\"autoplay; fullscreen\" allowfullscreen=\"allowfullscreen\" width=\"100%\" height=\"470\" loading=\"lazy\"><iframe loading=\"lazy\" id=\"J67b691fcb59466ca54861a6b9034de6-player\" title=\"F1\u00ae The Movie | Main Trailer\" src=\"https:\/\/www.youtube.com\/embed\/8yh9BPUBbbQ?embed_config=%7B%22adsConfig%22%3A%7B%22disableAds%22%3Atrue%7D%2C%22enableIma%22%3Atrue%7D&enablejsapi=1&origin=https%3A%2F%2Fwww.unotv.com&widgetid=1&forigin=https%3A%2F%2Fwww.unotv.com%2Fentretenimiento%2Ff1-la-pelicula-con-brad-pitt-llegara-a-apple-tv-en-diciembre%2F&aoriginsup=0&gporigin=https%3A%2F%2Fwww.unotv.com%2F&vf=1\" width=\"100%\" height=\"470px\" frameborder=\"0\" allowfullscreen=\"allowfullscreen\" data-gtm-yt-inspected-16=\"true\" data-mce-fragment=\"1\"><\/iframe><span style=\"color: #000000;\">Para su promoci\u00f3n, <strong>Apple<\/strong> implement\u00f3 una innovadora estrategia basada en los <strong>sensores h\u00e1pticos de los iPhone<\/strong>, ofreciendo una experiencia inmersiva en los avances publicitarios.Aunque varios smartphones actuales cuentan con esta tecnolog\u00eda, <strong>Apple<\/strong> lanz\u00f3 un avance exclusivo para sus usuarios, aprovechando su amplia base de dispositivos activos. Seg\u00fan <strong>Wired<\/strong>, en agosto de este a\u00f1o la compa\u00f1\u00eda super\u00f3 la <strong>marca hist\u00f3rica de 3 mil millones de iPhones vendidos<\/strong> desde su lanzamiento en 2007, lo que garantiza un enorme alcance promocional.<\/span><\/div>\n<\/div>\n<\/div>\n<\/div>\n<\/div>\n<\/div>\n","protected":false},"excerpt":{"rendered":"<p>\u201cF1: La Pel\u00edcula\u201d, protagonizada por Brad Pitt, se estrenar\u00e1 en l\u00ednea de manera global a trav\u00e9s de la plataforma Apple TV el pr\u00f3ximo viernes 12 de diciembre de 2025. La cinta mostrar\u00e1 el resurgimiento de Sonny Hayes al frente de una escuder\u00eda de F\u00f3rmula 1 y de un equipo que conf\u00eda plenamente en su regreso a las pistas. De acuerdo con Variety, la producci\u00f3n alcanz\u00f3 una recaudaci\u00f3n mundial de 629 millones de d\u00f3lares, con un presupuesto estimado en 250 millones de d\u00f3lares, consolid\u00e1ndose como uno de los mayores \u00e9xitos cinematogr\u00e1ficos de la plataforma. \u00c9xito de \u201cF1: La Pel\u00edcula\u201d impulsa a&#8230;<\/p>\n","protected":false},"author":4,"featured_media":14507,"comment_status":"open","ping_status":"open","sticky":false,"template":"","format":"standard","meta":{"_acf_changed":false,"footnotes":""},"categories":[41],"tags":[],"class_list":["post-14504","post","type-post","status-publish","format-standard","has-post-thumbnail","hentry","category-entretenimiento"],"acf":[],"aioseo_notices":[],"_links":{"self":[{"href":"https:\/\/colosalinforma.com\/inicio\/wp-json\/wp\/v2\/posts\/14504","targetHints":{"allow":["GET"]}}],"collection":[{"href":"https:\/\/colosalinforma.com\/inicio\/wp-json\/wp\/v2\/posts"}],"about":[{"href":"https:\/\/colosalinforma.com\/inicio\/wp-json\/wp\/v2\/types\/post"}],"author":[{"embeddable":true,"href":"https:\/\/colosalinforma.com\/inicio\/wp-json\/wp\/v2\/users\/4"}],"replies":[{"embeddable":true,"href":"https:\/\/colosalinforma.com\/inicio\/wp-json\/wp\/v2\/comments?post=14504"}],"version-history":[{"count":1,"href":"https:\/\/colosalinforma.com\/inicio\/wp-json\/wp\/v2\/posts\/14504\/revisions"}],"predecessor-version":[{"id":14508,"href":"https:\/\/colosalinforma.com\/inicio\/wp-json\/wp\/v2\/posts\/14504\/revisions\/14508"}],"wp:featuredmedia":[{"embeddable":true,"href":"https:\/\/colosalinforma.com\/inicio\/wp-json\/wp\/v2\/media\/14507"}],"wp:attachment":[{"href":"https:\/\/colosalinforma.com\/inicio\/wp-json\/wp\/v2\/media?parent=14504"}],"wp:term":[{"taxonomy":"category","embeddable":true,"href":"https:\/\/colosalinforma.com\/inicio\/wp-json\/wp\/v2\/categories?post=14504"},{"taxonomy":"post_tag","embeddable":true,"href":"https:\/\/colosalinforma.com\/inicio\/wp-json\/wp\/v2\/tags?post=14504"}],"curies":[{"name":"wp","href":"https:\/\/api.w.org\/{rel}","templated":true}]}}