{"id":14586,"date":"2025-10-20T08:29:09","date_gmt":"2025-10-20T14:29:09","guid":{"rendered":"https:\/\/colosalinforma.com\/inicio\/?p=14586"},"modified":"2025-10-20T08:29:09","modified_gmt":"2025-10-20T14:29:09","slug":"muere-sam-rivers-bajista-de-limp-bizkit","status":"publish","type":"post","link":"https:\/\/colosalinforma.com\/inicio\/muere-sam-rivers-bajista-de-limp-bizkit\/","title":{"rendered":"Muere Sam Rivers, bajista de Limp Bizkit"},"content":{"rendered":"<div class=\"boldgrid-section\">\n<div class=\"container\">\n<div class=\"row\">\n<div class=\"col-lg-12 col-md-12 col-xs-12 col-sm-12\">\n<p><span style=\"color: #000000;\">La <strong>banda Limp Bizkit <\/strong>anunci\u00f3 la muerte de <strong>Sam Rivers, su bajista, a los 48 a\u00f1os.<\/strong> A trav\u00e9s de su <strong>cuenta oficial de Instagram<\/strong>, la agrupaci\u00f3n confirm\u00f3 la noticia sin revelar las causas del fallecimiento del m\u00fasico. \u00a0<\/span><\/p>\n<p><span style=\"color: #000000;\"><strong><em>\u201cHoy perdimos a nuestro hermano. Nuestro compa\u00f1ero de banda. Nuestro latido\u2026 Descansa tranquilo, hermano. Tu m\u00fasica nunca termina\u201d, <\/em><\/strong><em>confirm\u00f3 la banda. \u00a0<\/em><\/span><\/p>\n<p><span style=\"color: #000000;\">La agrupaci\u00f3n comparti\u00f3 una <strong>fotograf\u00eda <\/strong>del <strong>bajista <\/strong>al que describieron como<strong> \u201cpura magia\u201d. \u00a0<\/strong><\/span><\/p>\n<div class=\"code-block code-block-1\"><\/div>\n<p><span style=\"color: #000000;\"><strong><em>\u201cSam Rivers no era solo nuestro bajista, era magia pura. El pulso debajo de cada canci\u00f3n, la calma en el caos, el alma en el sonido\u201d, <\/em><\/strong><em>destacaron<\/em><strong><em>. \u00a0<\/em><\/strong><\/span><\/p>\n<div class=\"code-block code-block-2\">\n<div class=\"truvidPos\"><\/div>\n<\/div>\n<p><span style=\"color: #000000;\">En la publicaci\u00f3n a la que <strong>reaccionaron <\/strong>decenas de <strong>seguidores<\/strong>, <strong>Limp Bizkit <\/strong>tambi\u00e9n record\u00f3 los <strong>momentos <\/strong>de <strong>Sam Rivers <\/strong>como parte de la <strong>banda<\/strong>. \u00a0<\/span><\/p>\n<div class=\"code-block code-block-8\">\n<div class=\"code-block\"><\/div>\n<div class=\"code-block\"><\/div>\n<\/div>\n<p><span style=\"color: #000000;\"><strong><em>\u201cDesde la primera nota que jugamos juntos, Sam trajo una luz y un ritmo que nunca podr\u00eda ser reemplazado. Su talento no era esfuerzo, su presencia inolvidable, su coraz\u00f3n enorme. Compartimos tantos momentos \u2013 salvajes, tranquilos, hermosos \u2013 y cada uno de ellos significaba m\u00e1s porque Sam estaba all\u00ed\u201d, <\/em><\/strong><em>escribi\u00f3 la banda en su comunicado. \u00a0<\/em><\/span><\/p>\n<div class=\"code-block code-block-18\"><\/div>\n<p><span style=\"color: #000000;\">Finalmente, reconocieron su legado y prometieron que lo <strong>\u201cllevar\u00edan\u201d con \u00e9l. \u00a0<\/strong>A trav\u00e9s de redes sociales, <strong>fan\u00e1ticos <\/strong>de la banda lamentaron la <strong>muerte de Rivers <\/strong>al que reconocieron como uno de los mejores bajistas en la industria musical. Mientras que otros m\u00e1s recordaron la \u00faltima vez que lo vieron en vivo. \u00a0<\/span><\/p>\n<p class=\"\"><span style=\"color: #000000;\"><strong>\u201cFue uno de los mejores y m\u00e1s influyentes bajistas de nuestra era. El tipo era supercreativo y ten\u00eda un tono incre\u00edble\u201d, \u201cLos estaba escuchando el otro d\u00eda\u201d, \u201cEsto se siente como un sue\u00f1o, estoy enojado, Limp Bizkit fue mi primera obsesi\u00f3n musical y \u00e9l fue una de las principales razones\u201d,<\/strong> son parte de los comentarios de los seguidores quienes dedicaron un <strong>\u00faltimo adi\u00f3s <\/strong>al <strong>m\u00fasico<\/strong>. \u00a0<\/span><\/p>\n<\/div>\n<\/div>\n<\/div>\n<\/div>\n","protected":false},"excerpt":{"rendered":"<p>La banda Limp Bizkit anunci\u00f3 la muerte de Sam Rivers, su bajista, a los 48 a\u00f1os. A trav\u00e9s de su cuenta oficial de Instagram, la agrupaci\u00f3n confirm\u00f3 la noticia sin revelar las causas del fallecimiento del m\u00fasico. \u00a0 \u201cHoy perdimos a nuestro hermano. Nuestro compa\u00f1ero de banda. Nuestro latido\u2026 Descansa tranquilo, hermano. Tu m\u00fasica nunca termina\u201d, confirm\u00f3 la banda. \u00a0 La agrupaci\u00f3n comparti\u00f3 una fotograf\u00eda del bajista al que describieron como \u201cpura magia\u201d. \u00a0 \u201cSam Rivers no era solo nuestro bajista, era magia pura. El pulso debajo de cada canci\u00f3n, la calma en el caos, el alma en el sonido\u201d,&#8230;<\/p>\n","protected":false},"author":4,"featured_media":14589,"comment_status":"open","ping_status":"open","sticky":false,"template":"","format":"standard","meta":{"_acf_changed":false,"footnotes":""},"categories":[41],"tags":[],"class_list":["post-14586","post","type-post","status-publish","format-standard","has-post-thumbnail","hentry","category-entretenimiento"],"acf":[],"aioseo_notices":[],"_links":{"self":[{"href":"https:\/\/colosalinforma.com\/inicio\/wp-json\/wp\/v2\/posts\/14586","targetHints":{"allow":["GET"]}}],"collection":[{"href":"https:\/\/colosalinforma.com\/inicio\/wp-json\/wp\/v2\/posts"}],"about":[{"href":"https:\/\/colosalinforma.com\/inicio\/wp-json\/wp\/v2\/types\/post"}],"author":[{"embeddable":true,"href":"https:\/\/colosalinforma.com\/inicio\/wp-json\/wp\/v2\/users\/4"}],"replies":[{"embeddable":true,"href":"https:\/\/colosalinforma.com\/inicio\/wp-json\/wp\/v2\/comments?post=14586"}],"version-history":[{"count":1,"href":"https:\/\/colosalinforma.com\/inicio\/wp-json\/wp\/v2\/posts\/14586\/revisions"}],"predecessor-version":[{"id":14590,"href":"https:\/\/colosalinforma.com\/inicio\/wp-json\/wp\/v2\/posts\/14586\/revisions\/14590"}],"wp:featuredmedia":[{"embeddable":true,"href":"https:\/\/colosalinforma.com\/inicio\/wp-json\/wp\/v2\/media\/14589"}],"wp:attachment":[{"href":"https:\/\/colosalinforma.com\/inicio\/wp-json\/wp\/v2\/media?parent=14586"}],"wp:term":[{"taxonomy":"category","embeddable":true,"href":"https:\/\/colosalinforma.com\/inicio\/wp-json\/wp\/v2\/categories?post=14586"},{"taxonomy":"post_tag","embeddable":true,"href":"https:\/\/colosalinforma.com\/inicio\/wp-json\/wp\/v2\/tags?post=14586"}],"curies":[{"name":"wp","href":"https:\/\/api.w.org\/{rel}","templated":true}]}}