{"id":14618,"date":"2025-10-21T08:21:51","date_gmt":"2025-10-21T14:21:51","guid":{"rendered":"https:\/\/colosalinforma.com\/inicio\/?p=14618"},"modified":"2025-10-21T08:21:51","modified_gmt":"2025-10-21T14:21:51","slug":"mundial-femenil-2031-en-costa-rica-eeuu-y-mexico","status":"publish","type":"post","link":"https:\/\/colosalinforma.com\/inicio\/mundial-femenil-2031-en-costa-rica-eeuu-y-mexico\/","title":{"rendered":"Mundial Femenil 2031 en Costa Rica, EEUU y M\u00e9xico"},"content":{"rendered":"<div class=\"boldgrid-section\">\n<div class=\"container\">\n<div class=\"row\">\n<div class=\"col-lg-12 col-md-12 col-xs-12 col-sm-12\">\n<p><span style=\"color: #000000;\">Estados Unidos anunci\u00f3 la inclusi\u00f3n de <strong>M\u00e9xico, Costa Rica y Jamaica<\/strong> en su candidatura para <strong>organizar la Copa Mundial Femenil 2031<\/strong>, la \u00fanica presentada ante la <strong>FIFA<\/strong> hasta el momento.<\/span><\/p>\n<p><span style=\"color: #000000;\"><em>\u201cEstamos muy orgullosos de liderar esta candidatura junto con nuestros socios de la <strong>Concacaf<\/strong>\u201d,<\/em> declar\u00f3 <strong>Cindy Parlow Cone<\/strong>, presidenta de <strong>US Soccer<\/strong>, durante la presentaci\u00f3n de la alianza en Nueva York.<\/span><\/p>\n<p><span style=\"color: #000000;\">La dirigente asegur\u00f3 que los cuatro pa\u00edses tienen <em>\u201cuna oportunidad extraordinaria de organizar la <strong>Copa Mundial Femenil m\u00e1s grande e impactante de la historia<\/strong>\u201d.<\/em><\/span><\/p>\n<figure class=\"wp-block-embed is-type-rich is-provider-twitter wp-block-embed-twitter\">\n<div class=\"wp-block-embed__wrapper\">\n<div class=\"amx-core-embed-social\">\n<div class=\"twitter-tweet twitter-tweet-rendered\"><iframe id=\"twitter-widget-0\" class=\"\" title=\"X Post\" src=\"https:\/\/platform.twitter.com\/embed\/Tweet.html?creatorScreenName=unonoticias&dnt=true&embedId=twitter-widget-0&features=eyJ0ZndfdGltZWxpbmVfbGlzdCI6eyJidWNrZXQiOltdLCJ2ZXJzaW9uIjpudWxsfSwidGZ3X2ZvbGxvd2VyX2NvdW50X3N1bnNldCI6eyJidWNrZXQiOnRydWUsInZlcnNpb24iOm51bGx9LCJ0ZndfdHdlZXRfZWRpdF9iYWNrZW5kIjp7ImJ1Y2tldCI6Im9uIiwidmVyc2lvbiI6bnVsbH0sInRmd19yZWZzcmNfc2Vzc2lvbiI6eyJidWNrZXQiOiJvbiIsInZlcnNpb24iOm51bGx9LCJ0ZndfZm9zbnJfc29mdF9pbnRlcnZlbnRpb25zX2VuYWJsZWQiOnsiYnVja2V0Ijoib24iLCJ2ZXJzaW9uIjpudWxsfSwidGZ3X21peGVkX21lZGlhXzE1ODk3Ijp7ImJ1Y2tldCI6InRyZWF0bWVudCIsInZlcnNpb24iOm51bGx9LCJ0ZndfZXhwZXJpbWVudHNfY29va2llX2V4cGlyYXRpb24iOnsiYnVja2V0IjoxMjA5NjAwLCJ2ZXJzaW9uIjpudWxsfSwidGZ3X3Nob3dfYmlyZHdhdGNoX3Bpdm90c19lbmFibGVkIjp7ImJ1Y2tldCI6Im9uIiwidmVyc2lvbiI6bnVsbH0sInRmd19kdXBsaWNhdGVfc2NyaWJlc190b19zZXR0aW5ncyI6eyJidWNrZXQiOiJvbiIsInZlcnNpb24iOm51bGx9LCJ0ZndfdXNlX3Byb2ZpbGVfaW1hZ2Vfc2hhcGVfZW5hYmxlZCI6eyJidWNrZXQiOiJvbiIsInZlcnNpb24iOm51bGx9LCJ0ZndfdmlkZW9faGxzX2R5bmFtaWNfbWFuaWZlc3RzXzE1MDgyIjp7ImJ1Y2tldCI6InRydWVfYml0cmF0ZSIsInZlcnNpb24iOm51bGx9LCJ0ZndfbGVnYWN5X3RpbWVsaW5lX3N1bnNldCI6eyJidWNrZXQiOnRydWUsInZlcnNpb24iOm51bGx9LCJ0ZndfdHdlZXRfZWRpdF9mcm9udGVuZCI6eyJidWNrZXQiOiJvbiIsInZlcnNpb24iOm51bGx9fQ%3D%3D&frame=false&hideCard=false&hideThread=false&id=1980407558494966034&lang=es&origin=https%3A%2F%2Fwww.unotv.com%2Fdeportes%2Fmundial-femenil-2031-ee-uu-suma-a-mexico-costa-rica-y-jamaica-en-su-candidatura%2F&sessionId=a17033df73d52230c004414d59c8d08fe9daacf4&siteScreenName=unonoticias&theme=light&widgetsVersion=2615f7e52b7e0%3A1702314776716&width=500px\" frameborder=\"0\" scrolling=\"no\" allowfullscreen=\"allowfullscreen\" data-tweet-id=\"1980407558494966034\" data-mce-fragment=\"1\"><\/iframe><\/div>\n<\/div>\n<\/div>\n<\/figure>\n<h2 id=\"h-unica-candidatura-presentada-para-el-mundial-femenil-2031\" class=\"wp-block-heading\"><span style=\"color: #000000;\"><strong>\u00danica candidatura presentada para el Mundial Femenil 2031<\/strong><\/span><\/h2>\n<div class=\"code-block code-block-1\"><\/div>\n<p><span style=\"color: #000000;\">El presidente de la <strong>FIFA<\/strong>, <strong><a style=\"color: #000000;\" href=\"https:\/\/www.unotv.com\/deportes\/gianni-infantino-abre-la-puerta-a-cambiar-las-fechas-de-los-mundiales-y-pide-tener-mente-abierta\/\" target=\"_blank\" rel=\"noreferrer noopener\">Gianni Infantino<\/a><\/strong>, ya hab\u00eda adelantado en abril que la propuesta estadounidense era la \u00fanica en curso para albergar el torneo, que por primera vez se ampliar\u00e1 a <strong>48 selecciones<\/strong>.<\/span><\/p>\n<div class=\"code-block code-block-2\">\n<div class=\"truvidPos\"><\/div>\n<\/div>\n<p><span style=\"color: #000000;\">En esa ocasi\u00f3n, Infantino mencion\u00f3 que Estados Unidos podr\u00eda asociarse con otros miembros de la Confederaci\u00f3n de Norteam\u00e9rica, Centroam\u00e9rica y el Caribe de F\u00fatbol (<strong>Concacaf)<\/strong>, lo que se confirm\u00f3 con la participaci\u00f3n de M\u00e9xico, Costa Rica y Jamaica.<\/span><\/p>\n<div class=\"code-block code-block-8\">\n<div class=\"code-block\"><\/div>\n<div class=\"code-block\"><\/div>\n<\/div>\n<p><span style=\"color: #000000;\">La candidatura conjunta deber\u00e1 ser aprobada por el <strong>Congreso de la FIFA<\/strong>, previsto para el <strong>30 de abril de 2026 en Vancouver<\/strong>.<\/span><\/p>\n<div class=\"code-block code-block-18\"><\/div>\n<h2 id=\"h-mexico-costa-rica-y-jamaica-buscan-hacer-historia\" class=\"wp-block-heading\"><span style=\"color: #000000;\"><strong>M\u00e9xico, Costa Rica y Jamaica buscan hacer historia<\/strong><\/span><\/h2>\n<p><span style=\"color: #000000;\">De concretarse, M\u00e9xico, Costa Rica y Jamaica albergar\u00edan por primera vez una <strong>Copa del Mundial Femenil<\/strong>, mientras que Estados Unidos ya fue sede en <strong>1999 y 2003<\/strong>.<\/span><\/p>\n<p><span style=\"color: #000000;\">El presidente de la <strong>Federaci\u00f3n Mexicana de Futbol<\/strong>, <strong>Mikel Arriola<\/strong>, destac\u00f3 que esta propuesta <em>\u201crefleja la confianza que la FIFA y la Concacaf han depositado en nuestras federaciones para continuar impulsando el desarrollo del f\u00fatbol femenil\u201d.<\/em><\/span><\/p>\n<p><span style=\"color: #000000;\">Por su parte, el costarricense <strong>Osael Maroto<\/strong> afirm\u00f3 que el proyecto representa <em>\u201cuno de los avances m\u00e1s positivos para el crecimiento del f\u00fatbol en nuestro pa\u00eds\u201d,<\/em> recordando la experiencia de Costa Rica en los <strong>Mundiales Sub-17 de 2014<\/strong> y <strong>Sub-20 de 2022<\/strong>.<\/span><\/p>\n<h2 id=\"h-un-nuevo-ciclo-de-eventos-deportivos-en-norteamerica\" class=\"wp-block-heading\"><span style=\"color: #000000;\"><strong>Un nuevo ciclo de eventos deportivos en Norteam\u00e9rica<\/strong><\/span><\/h2>\n<p><span style=\"color: #000000;\">La candidatura se sumar\u00eda a la cadena de grandes eventos deportivos en la regi\u00f3n, como los <strong>Juegos Ol\u00edmpicos de Los \u00c1ngeles 2028<\/strong> y el <strong>Mundial varonil 2026<\/strong>, que tambi\u00e9n organizar\u00e1n <strong>M\u00e9xico, Estados Unidos y Canad\u00e1<\/strong>.<\/span><\/p>\n<p><span style=\"color: #000000;\">Parlow Cone subray\u00f3 que <em>\u201cel inter\u00e9s por el f\u00fatbol femenil est\u00e1 en auge\u201d,<\/em> destacando que Estados Unidos cuenta con <strong>dos ligas profesionales<\/strong>, estadios llenos y <strong>r\u00e9cords en derechos televisivos<\/strong> y patrocinios.<\/span><\/p>\n<p class=\"\"><span style=\"color: #000000;\">Finalmente, revel\u00f3 que <strong>m\u00e1s de 30 ciudades<\/strong> han mostrado inter\u00e9s en albergar partidos del Mundial Femenil 2031.<\/span><\/p>\n<\/div>\n<\/div>\n<\/div>\n<\/div>\n","protected":false},"excerpt":{"rendered":"<p>Estados Unidos anunci\u00f3 la inclusi\u00f3n de M\u00e9xico, Costa Rica y Jamaica en su candidatura para organizar la Copa Mundial Femenil 2031, la \u00fanica presentada ante la FIFA hasta el momento. \u201cEstamos muy orgullosos de liderar esta candidatura junto con nuestros socios de la Concacaf\u201d, declar\u00f3 Cindy Parlow Cone, presidenta de US Soccer, durante la presentaci\u00f3n de la alianza en Nueva York. La dirigente asegur\u00f3 que los cuatro pa\u00edses tienen \u201cuna oportunidad extraordinaria de organizar la Copa Mundial Femenil m\u00e1s grande e impactante de la historia\u201d. \u00danica candidatura presentada para el Mundial Femenil 2031 El presidente de la FIFA, Gianni Infantino,&#8230;<\/p>\n","protected":false},"author":4,"featured_media":14621,"comment_status":"open","ping_status":"open","sticky":false,"template":"","format":"standard","meta":{"_acf_changed":false,"footnotes":""},"categories":[34],"tags":[],"class_list":["post-14618","post","type-post","status-publish","format-standard","has-post-thumbnail","hentry","category-deportes"],"acf":[],"aioseo_notices":[],"_links":{"self":[{"href":"https:\/\/colosalinforma.com\/inicio\/wp-json\/wp\/v2\/posts\/14618","targetHints":{"allow":["GET"]}}],"collection":[{"href":"https:\/\/colosalinforma.com\/inicio\/wp-json\/wp\/v2\/posts"}],"about":[{"href":"https:\/\/colosalinforma.com\/inicio\/wp-json\/wp\/v2\/types\/post"}],"author":[{"embeddable":true,"href":"https:\/\/colosalinforma.com\/inicio\/wp-json\/wp\/v2\/users\/4"}],"replies":[{"embeddable":true,"href":"https:\/\/colosalinforma.com\/inicio\/wp-json\/wp\/v2\/comments?post=14618"}],"version-history":[{"count":1,"href":"https:\/\/colosalinforma.com\/inicio\/wp-json\/wp\/v2\/posts\/14618\/revisions"}],"predecessor-version":[{"id":14622,"href":"https:\/\/colosalinforma.com\/inicio\/wp-json\/wp\/v2\/posts\/14618\/revisions\/14622"}],"wp:featuredmedia":[{"embeddable":true,"href":"https:\/\/colosalinforma.com\/inicio\/wp-json\/wp\/v2\/media\/14621"}],"wp:attachment":[{"href":"https:\/\/colosalinforma.com\/inicio\/wp-json\/wp\/v2\/media?parent=14618"}],"wp:term":[{"taxonomy":"category","embeddable":true,"href":"https:\/\/colosalinforma.com\/inicio\/wp-json\/wp\/v2\/categories?post=14618"},{"taxonomy":"post_tag","embeddable":true,"href":"https:\/\/colosalinforma.com\/inicio\/wp-json\/wp\/v2\/tags?post=14618"}],"curies":[{"name":"wp","href":"https:\/\/api.w.org\/{rel}","templated":true}]}}