{"id":14719,"date":"2025-10-31T09:16:27","date_gmt":"2025-10-31T15:16:27","guid":{"rendered":"https:\/\/colosalinforma.com\/inicio\/?p=14719"},"modified":"2025-10-31T09:16:27","modified_gmt":"2025-10-31T15:16:27","slug":"kylian-mbappe-gana-la-bota-de-oro","status":"publish","type":"post","link":"https:\/\/colosalinforma.com\/inicio\/kylian-mbappe-gana-la-bota-de-oro\/","title":{"rendered":"Kylian Mbapp\u00e9 gana la Bota de Oro"},"content":{"rendered":"<div class=\"boldgrid-section\">\n<div class=\"container\">\n<div class=\"row\">\n<div class=\"col-lg-12 col-md-12 col-xs-12 col-sm-12\">\n<p><span style=\"color: #000000;\"><strong>Kylian Mbapp\u00e9<\/strong>, jugador de <strong>Real Madrid<\/strong>, recibi\u00f3 la <strong>Bota de Oro europea <\/strong>por primera vez en su carrera este viernes 31 de octubre, siendo reconocido como el <strong>maximo goleador de la temporada pasada<\/strong> dentro del futbol de Europa. Fiel a su estilo, asegur\u00f3 que busca repetir este premio el a\u00f1o entrante.<\/span><\/p>\n<p class=\"\"><span style=\"color: #000000;\">De esta forma, el atacante franc\u00e9s se uni\u00f3 a una selecta lista de delanteros merengues que consiguieron este galard\u00f3n junto a <strong>Hugo S\u00e1nchez<\/strong> y <strong>Cristiano Ronaldo<\/strong>, de acuerdo con la agencia AFP.<\/span><\/p>\n<h2 id=\"h-kylian-mbappe-gana-la-bota-de-oro\" class=\"wp-block-heading\"><span style=\"color: #000000;\">\u00a1Kylian Mbapp\u00e9 gana la Bota de Oro!<\/span><\/h2>\n<div class=\"code-block code-block-1\"><\/div>\n<p><span style=\"color: #000000;\">A pesar de que<strong> Real Madrid <\/strong>no tuvo la mejor temporada 2024-2025,<strong> Kylian Mbapp\u00e9 <\/strong>se destap\u00f3 como el m\u00e1ximo goleador dentro de las ligas europeas, raz\u00f3n por la que recibi\u00f3 la <strong>Bota de Oro<\/strong> en el Estadio Santiago Bernab\u00e9u.<\/span><\/p>\n<blockquote class=\"wp-block-quote is-layout-flow wp-block-quote-is-layout-flow\"><p><span style=\"color: #000000;\">\u201cEste premio significa mucho para m\u00ed. Estoy muy feliz y quiero seguir haciendo historia. Fueron 31 goles y este a\u00f1o he empezado muy bien, as\u00ed que quiero volver a ganarla el a\u00f1o que viene\u201d.<\/span><\/p>\n<p><span style=\"color: #000000;\"><cite>Kylian Mbapp\u00e9<\/cite><\/span><\/p><\/blockquote>\n<figure class=\"wp-block-embed is-type-rich is-provider-twitter wp-block-embed-twitter\">\n<div class=\"wp-block-embed__wrapper\">\n<div class=\"amx-core-embed-social\">\n<div class=\"twitter-tweet twitter-tweet-rendered\"><iframe id=\"twitter-widget-0\" class=\"\" title=\"X Post\" src=\"https:\/\/platform.twitter.com\/embed\/Tweet.html?creatorScreenName=unonoticias&dnt=true&embedId=twitter-widget-0&features=eyJ0ZndfdGltZWxpbmVfbGlzdCI6eyJidWNrZXQiOltdLCJ2ZXJzaW9uIjpudWxsfSwidGZ3X2ZvbGxvd2VyX2NvdW50X3N1bnNldCI6eyJidWNrZXQiOnRydWUsInZlcnNpb24iOm51bGx9LCJ0ZndfdHdlZXRfZWRpdF9iYWNrZW5kIjp7ImJ1Y2tldCI6Im9uIiwidmVyc2lvbiI6bnVsbH0sInRmd19yZWZzcmNfc2Vzc2lvbiI6eyJidWNrZXQiOiJvbiIsInZlcnNpb24iOm51bGx9LCJ0ZndfZm9zbnJfc29mdF9pbnRlcnZlbnRpb25zX2VuYWJsZWQiOnsiYnVja2V0Ijoib24iLCJ2ZXJzaW9uIjpudWxsfSwidGZ3X21peGVkX21lZGlhXzE1ODk3Ijp7ImJ1Y2tldCI6InRyZWF0bWVudCIsInZlcnNpb24iOm51bGx9LCJ0ZndfZXhwZXJpbWVudHNfY29va2llX2V4cGlyYXRpb24iOnsiYnVja2V0IjoxMjA5NjAwLCJ2ZXJzaW9uIjpudWxsfSwidGZ3X3Nob3dfYmlyZHdhdGNoX3Bpdm90c19lbmFibGVkIjp7ImJ1Y2tldCI6Im9uIiwidmVyc2lvbiI6bnVsbH0sInRmd19kdXBsaWNhdGVfc2NyaWJlc190b19zZXR0aW5ncyI6eyJidWNrZXQiOiJvbiIsInZlcnNpb24iOm51bGx9LCJ0ZndfdXNlX3Byb2ZpbGVfaW1hZ2Vfc2hhcGVfZW5hYmxlZCI6eyJidWNrZXQiOiJvbiIsInZlcnNpb24iOm51bGx9LCJ0ZndfdmlkZW9faGxzX2R5bmFtaWNfbWFuaWZlc3RzXzE1MDgyIjp7ImJ1Y2tldCI6InRydWVfYml0cmF0ZSIsInZlcnNpb24iOm51bGx9LCJ0ZndfbGVnYWN5X3RpbWVsaW5lX3N1bnNldCI6eyJidWNrZXQiOnRydWUsInZlcnNpb24iOm51bGx9LCJ0ZndfdHdlZXRfZWRpdF9mcm9udGVuZCI6eyJidWNrZXQiOiJvbiIsInZlcnNpb24iOm51bGx9fQ%3D%3D&frame=false&hideCard=false&hideThread=false&id=1984259309132447835&lang=es&origin=https%3A%2F%2Fwww.unotv.com%2Fdeportes%2Fkylian-mbappe-gana-la-bota-de-oro-del-futbol-europeo-emula-a-hugo-sanchez%2F&sessionId=a7bcdef64a7fd2075f0a5d49b1e7f67f297ada92&siteScreenName=unonoticias&theme=light&widgetsVersion=2615f7e52b7e0%3A1702314776716&width=500px\" frameborder=\"0\" scrolling=\"no\" allowfullscreen=\"allowfullscreen\" data-tweet-id=\"1984259309132447835\" data-mce-fragment=\"1\"><\/iframe><\/div>\n<\/div>\n<\/div>\n<\/figure>\n<div class=\"code-block code-block-57\"><\/div>\n<p><span style=\"color: #000000;\">Tal como se\u00f1al\u00f3 el campe\u00f3n del mundo en 2018, fue el m\u00e1ximo anotador de la pasada <strong>La Liga de Espa\u00f1a <\/strong>con 31 dianas, es decir, cuatro de ventaja sobre el segundo, el polaco <strong>Robert Lewandowski<\/strong> del FC Barcelona.<\/span><\/p>\n<h2 id=\"h-a-que-otros-delanteros-vencio-kylian-mbappe\" class=\"wp-block-heading\"><span style=\"color: #000000;\">\u00bfA qu\u00e9 otros delanteros venci\u00f3 Kylian Mbapp\u00e9?<\/span><\/h2>\n<div class=\"code-block code-block-2\">\n<div class=\"truvidPos\"><\/div>\n<\/div>\n<p><span style=\"color: #000000;\">El m\u00e9todo de clasificaci\u00f3n de la Bota de Oro no necesariamente valora al que anote m\u00e1s goles, si no al jugador que acumule m\u00e1s puntos dependiendo del coeficiente de cada liga.<\/span><\/p>\n<div class=\"code-block code-block-8\">\n<div class=\"code-block\"><\/div>\n<div class=\"code-block\"><\/div>\n<\/div>\n<p><span style=\"color: #000000;\">Por esta raz\u00f3n, Kylian Mbapp\u00e9 super\u00f3 a <strong>Viktor Gy\u00f6keres<\/strong>, quien anot\u00f3 39 goles en la liga portuguesa la temporada pasada. Adem\u00e1s, super\u00f3 a los siguientes delanteros:<\/span><\/p>\n<div class=\"code-block code-block-18\"><\/div>\n<ol class=\"wp-block-list\">\n<li><span style=\"color: #000000;\"><strong>Kylian Mbapp\u00e9 (Real Madrid): 31 goles (x2), 62 puntos<\/strong><\/span><\/li>\n<li><span style=\"color: #000000;\"><strong>Viktor Gy\u00f6keres (Sporting CP): 39 goles (x1,5), 58.5 puntos<\/strong><\/span><\/li>\n<li><span style=\"color: #000000;\"><strong>Mohamed Salah (Liverpool): 29 goles (x2), 58 puntos<\/strong><\/span><\/li>\n<li><span style=\"color: #000000;\"><strong>Harry Kane (Bayern de M\u00fanich): 26 goles (x2), 52 puntos<\/strong><\/span><\/li>\n<li><span style=\"color: #000000;\"><strong>Robert Lewandowski (FC Barcelona): 25 goles (x2), 50 puntos<\/strong><\/span><\/li>\n<li><span style=\"color: #000000;\"><strong>Mateo Retegui (Atalanta): 25 goles (x2), 50 puntos<\/strong><\/span><\/li>\n<li><span style=\"color: #000000;\"><strong>Alexander Isak (Newcastle): 23 goles (x2), 46 puntos<\/strong><\/span><\/li>\n<li><span style=\"color: #000000;\"><strong>Omar Marmoush (Eintracht Frankfurt\/Manchester City): 22 goles (x2), 44 puntos<\/strong><\/span><\/li>\n<li><span style=\"color: #000000;\"><strong>Erling Haaland (Manchester City): 22 goles (x2), 44 puntos<\/strong><\/span><\/li>\n<li><span style=\"color: #000000;\"><strong>Mika Biereth (Sturm Graz\/M\u00f3naco): 24 goles (x2), 42,5 puntos<\/strong><\/span><\/li>\n<\/ol>\n<p><span style=\"color: #000000;\">El franc\u00e9s tambi\u00e9n tuvo el mejor inicio de temporada de su carrera con 11 goles en 10 jornadas de <strong>La Liga<\/strong>, raz\u00f3n por la que afirm\u00f3 estar \u201cmuy feliz\u201d y dese\u00f3 \u201cpoder seguir haciendo historia\u201d con <strong>Real Madrid<\/strong>.<\/span><\/p>\n<div class=\"code-block code-block-58\"><\/div>\n<p><span style=\"color: #000000;\">El presidente del Real Madrid, <strong>Florentino P\u00e9rez<\/strong>, felicit\u00f3 a Mbapp\u00e9 por este premio.<\/span><\/p>\n<blockquote class=\"wp-block-quote is-layout-flow wp-block-quote-is-layout-flow\"><p><span style=\"color: #000000;\">\u201cEs fruto de tu trabajo. Yo, como presidente del Real Madrid, estoy muy orgulloso de que un jugador como t\u00fa est\u00e9 en nuestro equipo. Representas a la perfecci\u00f3n los valores de este club. Este d\u00eda lo vas a recordar siempre\u201d.<\/span><\/p>\n<p><span style=\"color: #000000;\"><cite>Florentino P\u00e9rez, presidente de Real Madrid<\/cite><\/span><\/p><\/blockquote>\n<figure class=\"wp-block-image size-large\">\n<p class=\"mod-reset\"><span style=\"color: #000000;\"><img loading=\"lazy\" decoding=\"async\" class=\"wp-image-1888542\" src=\"https:\/\/cdn.amxinfra.com\/unotv\/images\/2025\/10\/kylian-mbappe-florentino-perez-084709-1024x683.jpg\" sizes=\"auto, (max-width: 480px) 100vw, (max-width: 1024px) 100vw, 1200px\" srcset=\"https:\/\/cdn.amxinfra.com\/unotv\/images\/2025\/10\/kylian-mbappe-florentino-perez-084709-1024x683.webp 1024w, https:\/\/cdn.amxinfra.com\/unotv\/images\/2025\/10\/kylian-mbappe-florentino-perez-084709-300x200.webp 300w, https:\/\/cdn.amxinfra.com\/unotv\/images\/2025\/10\/kylian-mbappe-florentino-perez-084709-768x512.webp 768w, https:\/\/cdn.amxinfra.com\/unotv\/images\/2025\/10\/kylian-mbappe-florentino-perez-084709.jpg 1200w\" alt=\"\" width=\"1024\" height=\"683\"><\/span><\/p><figcaption class=\"wp-element-caption\"><span style=\"color: #000000;\"><span style=\"color: #000000;\">Imagen: Reuters<\/p>\n<p><\/span><\/span><span style=\"color: #000000;\">Este viernes, <strong>Kylian Mbapp\u00e9<\/strong> se convirti\u00f3 en el tercer jugador de<strong> Real Madrid <\/strong>en conseguir la Bota de Oro europea junto al mexicano <strong>Hugo S\u00e1nchez <\/strong>y el portugu\u00e9s <strong>Cristiano Ronaldo<\/strong>.<\/span><\/p>\n<ul class=\"wp-block-list\">\n<li><span style=\"color: #000000;\">Hugo S\u00e1nchez (1989-1990)<\/span><\/li>\n<li><span style=\"color: #000000;\">Cristiano Ronaldo (2010-2011, 2013-2014 y 2014-2015)<\/span><\/li>\n<li><span style=\"color: #000000;\">Kylian Mbapp\u00e9 (2024-2025)<\/span><\/li>\n<\/ul>\n<p><span style=\"color: #000000;\">El atacante galo llev\u00f3 este reconocimiento a la \u201c<strong>Casa Blanca<\/strong>\u201d por primera vez en diez a\u00f1os, cuando CR7 se adjudic\u00f3 el premio por \u00faltima vez bajo la casaca merengue.<\/span><\/p>\n<p class=\"\"><span style=\"color: #000000;\">Cabe destacar que el \u00faltimo jugador franc\u00e9s que hab\u00eda conseguido este premio fue<strong> Thierry Henry<\/strong>, que lo obtuvo en 2004 y 2005 cuando jugaba en el Arsenal.<\/span><\/p>\n<\/figcaption><\/figure>\n<\/div>\n<\/div>\n<\/div>\n<\/div>\n","protected":false},"excerpt":{"rendered":"<p>Kylian Mbapp\u00e9, jugador de Real Madrid, recibi\u00f3 la Bota de Oro europea por primera vez en su carrera este viernes 31 de octubre, siendo reconocido como el maximo goleador de la temporada pasada dentro del futbol de Europa. Fiel a su estilo, asegur\u00f3 que busca repetir este premio el a\u00f1o entrante. De esta forma, el atacante franc\u00e9s se uni\u00f3 a una selecta lista de delanteros merengues que consiguieron este galard\u00f3n junto a Hugo S\u00e1nchez y Cristiano Ronaldo, de acuerdo con la agencia AFP. \u00a1Kylian Mbapp\u00e9 gana la Bota de Oro! A pesar de que Real Madrid no tuvo la mejor&#8230;<\/p>\n","protected":false},"author":4,"featured_media":14722,"comment_status":"open","ping_status":"open","sticky":false,"template":"","format":"standard","meta":{"_acf_changed":false,"footnotes":""},"categories":[34],"tags":[],"class_list":["post-14719","post","type-post","status-publish","format-standard","has-post-thumbnail","hentry","category-deportes"],"acf":[],"aioseo_notices":[],"_links":{"self":[{"href":"https:\/\/colosalinforma.com\/inicio\/wp-json\/wp\/v2\/posts\/14719","targetHints":{"allow":["GET"]}}],"collection":[{"href":"https:\/\/colosalinforma.com\/inicio\/wp-json\/wp\/v2\/posts"}],"about":[{"href":"https:\/\/colosalinforma.com\/inicio\/wp-json\/wp\/v2\/types\/post"}],"author":[{"embeddable":true,"href":"https:\/\/colosalinforma.com\/inicio\/wp-json\/wp\/v2\/users\/4"}],"replies":[{"embeddable":true,"href":"https:\/\/colosalinforma.com\/inicio\/wp-json\/wp\/v2\/comments?post=14719"}],"version-history":[{"count":1,"href":"https:\/\/colosalinforma.com\/inicio\/wp-json\/wp\/v2\/posts\/14719\/revisions"}],"predecessor-version":[{"id":14723,"href":"https:\/\/colosalinforma.com\/inicio\/wp-json\/wp\/v2\/posts\/14719\/revisions\/14723"}],"wp:featuredmedia":[{"embeddable":true,"href":"https:\/\/colosalinforma.com\/inicio\/wp-json\/wp\/v2\/media\/14722"}],"wp:attachment":[{"href":"https:\/\/colosalinforma.com\/inicio\/wp-json\/wp\/v2\/media?parent=14719"}],"wp:term":[{"taxonomy":"category","embeddable":true,"href":"https:\/\/colosalinforma.com\/inicio\/wp-json\/wp\/v2\/categories?post=14719"},{"taxonomy":"post_tag","embeddable":true,"href":"https:\/\/colosalinforma.com\/inicio\/wp-json\/wp\/v2\/tags?post=14719"}],"curies":[{"name":"wp","href":"https:\/\/api.w.org\/{rel}","templated":true}]}}