{"id":14724,"date":"2025-10-31T09:18:58","date_gmt":"2025-10-31T15:18:58","guid":{"rendered":"https:\/\/colosalinforma.com\/inicio\/?p=14724"},"modified":"2025-10-31T09:18:58","modified_gmt":"2025-10-31T15:18:58","slug":"netflix-rinde-tributo-a-juan-gabriel-con-su-nuevo-documental","status":"publish","type":"post","link":"https:\/\/colosalinforma.com\/inicio\/netflix-rinde-tributo-a-juan-gabriel-con-su-nuevo-documental\/","title":{"rendered":"Netflix rinde tributo a Juan Gabriel con su nuevo documental"},"content":{"rendered":"<div class=\"boldgrid-section\">\n<div class=\"container\">\n<div class=\"row\">\n<div class=\"col-lg-12 col-md-12 col-xs-12 col-sm-12\">\n<p><span style=\"color: #000000;\">El legado de<strong> Juan Gabriel<\/strong> sigue m\u00e1s vivo que nunca, pues a casi una d\u00e9cada de su partida, el \u00edcono de la m\u00fasica mexicana vuelve a brillar con fuerza gracias a <strong>Netflix<\/strong>, que anunci\u00f3 el lanzamiento de una docuserie dedicada a su vida y obra: \u201c<em>Juan Gabriel: Debo, puedo y quiero\u201d.<\/em><\/span><\/p>\n<p><span style=\"color: #000000;\">El proyecto promete ser uno de los estrenos m\u00e1s emotivos del a\u00f1o, pues revelar\u00e1 una mirada \u00edntima del hombre detr\u00e1s del mito, combinando material in\u00e9dito, grabaciones personales y testimonios que recorrer\u00e1n su historia desde los primeros pasos en <strong>Ciudad Ju\u00e1rez<\/strong> hasta su consagraci\u00f3n como uno de los artistas m\u00e1s importantes de <strong>Latinoam\u00e9rica<\/strong>.<\/span><\/p>\n<h2 id=\"h-cuando-se-estrena-el-el-documental-de-juan-gabriel\" class=\"wp-block-heading\"><span style=\"color: #000000;\">\u00bfCu\u00e1ndo se estrena el el documental de Juan Gabriel?<\/span><\/h2>\n<p><span style=\"color: #000000;\">El documental ya est\u00e1 disponible desde este jueves 30 de octubre de 2025 y estar\u00e1 conformado por cuatro episodios, cada uno dedicado a distintas etapas de la vida de<strong> \u201cEl Divo de Ju\u00e1rez\u201d<\/strong>, desde sus inicios humildes, su explosi\u00f3n musical, los momentos m\u00e1s dif\u00edciles de su carrera y su legado eterno.<\/span><\/p>\n<div class=\"players-video-youtube-jw\">\n<div class=\"ima-container\" id=\"s9cd1a8490314ba0a018afe79c83e533\" data-ad=\"https:\/\/pubads.g.doubleclick.net\/gampad\/ads?iu=https:\/\/www.unotv.com&description_url=%2F121173452%2FUnoTV%2FYTB-DI&tfcd=0&npa=0&sz=480x70|480x360|480x361&ciu_szs=300x60%2C300x250&gdfp_req=1&output=vast&env=vp&unviewed_position_start=1&impl=s&correlator=\" data-video=\"Kf2YdQLLDfo\" data-time=\"\" data-autoplay=\"true\" title=\"Reproductor de Video\" allow=\"autoplay; fullscreen\" allowfullscreen=\"allowfullscreen\" width=\"100%\" height=\"470\" loading=\"lazy\"><iframe loading=\"lazy\" id=\"s9cd1a8490314ba0a018afe79c83e533-player\" title=\"Juan Gabriel: Debo, puedo y quiero | Tr\u00e1iler oficial | Netflix\" src=\"https:\/\/www.youtube.com\/embed\/Kf2YdQLLDfo?autoplay=1&mute=1&start=0&embed_config=%7B%22adsConfig%22%3A%7B%22disableAds%22%3Atrue%7D%2C%22enableIma%22%3Atrue%7D&enablejsapi=1&origin=https%3A%2F%2Fwww.unotv.com&widgetid=1&forigin=https%3A%2F%2Fwww.unotv.com%2Fentretenimiento%2Fnetflix-rinde-tributo-a-juan-gabriel-con-su-nuevo-documental-debo-puedo-y-quiero%2F&aoriginsup=0&gporigin=https%3A%2F%2Fwww.unotv.com%2F&vf=1\" width=\"100%\" height=\"470px\" frameborder=\"0\" allowfullscreen=\"allowfullscreen\" data-gtm-yt-inspected-15=\"true\" data-mce-fragment=\"1\"><\/iframe><\/p>\n<div id=\"s9cd1a8490314ba0a018afe79c83e533-ad\"><\/div>\n<\/div>\n<\/div>\n<h2 id=\"h-una-mirada-a-alberto-aguilera\" class=\"wp-block-heading\"><span style=\"color: #000000;\">Una mirada a Alberto Aguilera<\/span><\/h2>\n<div class=\"code-block code-block-1\"><\/div>\n<p><span style=\"color: #000000;\">M\u00e1s all\u00e1 del personaje p\u00fablico, \u201cJuan Gabriel: Debo, puedo y quiero\u201d busca mostrar al hombre detr\u00e1s del artista, Alberto Aguilera Valadez, el ser humano sensible, creativo y apasionado que transform\u00f3 el dolor en arte.<\/span><\/p>\n<div class=\"code-block code-block-2\">\n<div class=\"truvidPos\"><\/div>\n<\/div>\n<p><span style=\"color: #000000;\">Seg\u00fan la sinopsis oficial, compartida por Netflix:<\/span><\/p>\n<div class=\"code-block code-block-8\">\n<div class=\"code-block\"><\/div>\n<div class=\"code-block\"><\/div>\n<\/div>\n<p><span style=\"color: #000000;\"><em>\u201cEntre canciones, recuerdos y momentos capturados por el propio Juan Gabriel nunca antes compartidos, este documental de cuatro episodios muestra un recorrido por la vida del hombre detr\u00e1s del \u00edcono musical mexicano. A trav\u00e9s de material in\u00e9dito y de archivo, \u2018Juan Gabriel: Debo, puedo y quiero\u2019 ofrece un acceso sin precedentes a su vida p\u00fablica y privada, su sensibilidad y su inagotable pasi\u00f3n por vivir para crear\u201d.<\/em><\/span><\/p>\n<div class=\"code-block code-block-18\"><\/div>\n<p><span style=\"color: #000000;\">La direcci\u00f3n corre a cargo de <strong>Mar\u00eda Jos\u00e9 Cuevas<\/strong>, una de las cineastas mexicanas m\u00e1s reconocidas por su mirada sensible y est\u00e9tica al retratar la cultura nacional. Cuevas ya hab\u00eda colaborado con <strong>Netflix <\/strong>en \u201c<em>La dama del silencio: el caso de la mataviejitas\u201d<\/em> (2023), un documental que explor\u00f3 las m\u00faltiples capas del caso de <strong>Juana Barraza.<\/strong><\/span><\/p>\n<p><span style=\"color: #000000;\">Antes de eso, la directora fue aclamada por <em>\u201cBellas de noche\u201d<\/em> (2016), donde retrat\u00f3 con empat\u00eda y nostalgia la vida de las vedettes mexicanas, mostrando su humanidad detr\u00e1s del brillo de los escenarios.<\/span><\/p>\n<p><span style=\"color: #000000;\">En esta nueva producci\u00f3n, <strong>Cuevas <\/strong>repite colaboraci\u00f3n con las productoras <strong>Laura Woldenberg e Ivonne Guti\u00e9rrez<\/strong>, con quienes form\u00f3 un equipo creativo s\u00f3lido en \u201c<em>La dama del silencio\u201d.<\/em><\/span><\/p>\n<p><span style=\"color: #000000;\">El documental est\u00e1 construido a partir de material nunca antes visto, incluyendo grabaciones personales del propio<strong> Juan Gabriel<\/strong>, entrevistas y momentos capturados fuera del escenario. La intenci\u00f3n, seg\u00fan el equipo detr\u00e1s del proyecto, es honrar la esencia del artista, su manera de entender el amor, la fama y la creatividad sin l\u00edmites.<\/span><\/p>\n<p><span style=\"color: #000000;\">Juan Gabriel dej\u00f3 un legado de m\u00e1s de mil 800 canciones, decenas de discos y un impacto cultural que trasciende generaciones; temas como \u201c<em>Querida<\/em>\u201d, <em>\u201cAmor eterno\u201d <\/em>y \u201c<em>Hasta que te conoc\u00ed<\/em>\u201d siguen resonando con la misma fuerza, y este nuevo proyecto promete mostrar el alma detr\u00e1s de esas melod\u00edas inmortales.<\/span><\/p>\n<div class=\"players-video-youtube-jw\">\n<div class=\"ima-container\" id=\"C8e5999cd0f647d297e91803b4c11b6e\" data-ad=\"https:\/\/pubads.g.doubleclick.net\/gampad\/ads?iu=https:\/\/www.unotv.com&description_url=%2F121173452%2FUnoTV%2FYTB-DI&tfcd=0&npa=0&sz=480x70|480x360|480x361&ciu_szs=300x60%2C300x250&gdfp_req=1&output=vast&env=vp&unviewed_position_start=1&impl=s&correlator=\" data-video=\"B3NsMQAGMa8\" data-time=\"\" data-autoplay=\"true\" title=\"Reproductor de Video\" allow=\"autoplay; fullscreen\" allowfullscreen=\"allowfullscreen\" width=\"100%\" height=\"470\" loading=\"lazy\"><iframe loading=\"lazy\" id=\"C8e5999cd0f647d297e91803b4c11b6e-player\" title=\"Juan Gabriel: Debo, puedo y quiero | Avance oficial | Netflix\" src=\"https:\/\/www.youtube.com\/embed\/B3NsMQAGMa8?autoplay=1&mute=1&start=0&embed_config=%7B%22adsConfig%22%3A%7B%22disableAds%22%3Atrue%7D%2C%22enableIma%22%3Atrue%7D&enablejsapi=1&origin=https%3A%2F%2Fwww.unotv.com&widgetid=2&forigin=https%3A%2F%2Fwww.unotv.com%2Fentretenimiento%2Fnetflix-rinde-tributo-a-juan-gabriel-con-su-nuevo-documental-debo-puedo-y-quiero%2F&aoriginsup=0&gporigin=https%3A%2F%2Fwww.unotv.com%2F&vf=1\" width=\"100%\" height=\"470px\" frameborder=\"0\" allowfullscreen=\"allowfullscreen\" data-gtm-yt-inspected-15=\"true\" data-mce-fragment=\"1\"><\/iframe><\/div>\n<\/div>\n<\/div>\n<\/div>\n<\/div>\n<\/div>\n","protected":false},"excerpt":{"rendered":"<p>El legado de Juan Gabriel sigue m\u00e1s vivo que nunca, pues a casi una d\u00e9cada de su partida, el \u00edcono de la m\u00fasica mexicana vuelve a brillar con fuerza gracias a Netflix, que anunci\u00f3 el lanzamiento de una docuserie dedicada a su vida y obra: \u201cJuan Gabriel: Debo, puedo y quiero\u201d. El proyecto promete ser uno de los estrenos m\u00e1s emotivos del a\u00f1o, pues revelar\u00e1 una mirada \u00edntima del hombre detr\u00e1s del mito, combinando material in\u00e9dito, grabaciones personales y testimonios que recorrer\u00e1n su historia desde los primeros pasos en Ciudad Ju\u00e1rez hasta su consagraci\u00f3n como uno de los artistas m\u00e1s&#8230;<\/p>\n","protected":false},"author":4,"featured_media":14727,"comment_status":"open","ping_status":"open","sticky":false,"template":"","format":"standard","meta":{"_acf_changed":false,"footnotes":""},"categories":[41],"tags":[],"class_list":["post-14724","post","type-post","status-publish","format-standard","has-post-thumbnail","hentry","category-entretenimiento"],"acf":[],"aioseo_notices":[],"_links":{"self":[{"href":"https:\/\/colosalinforma.com\/inicio\/wp-json\/wp\/v2\/posts\/14724","targetHints":{"allow":["GET"]}}],"collection":[{"href":"https:\/\/colosalinforma.com\/inicio\/wp-json\/wp\/v2\/posts"}],"about":[{"href":"https:\/\/colosalinforma.com\/inicio\/wp-json\/wp\/v2\/types\/post"}],"author":[{"embeddable":true,"href":"https:\/\/colosalinforma.com\/inicio\/wp-json\/wp\/v2\/users\/4"}],"replies":[{"embeddable":true,"href":"https:\/\/colosalinforma.com\/inicio\/wp-json\/wp\/v2\/comments?post=14724"}],"version-history":[{"count":1,"href":"https:\/\/colosalinforma.com\/inicio\/wp-json\/wp\/v2\/posts\/14724\/revisions"}],"predecessor-version":[{"id":14728,"href":"https:\/\/colosalinforma.com\/inicio\/wp-json\/wp\/v2\/posts\/14724\/revisions\/14728"}],"wp:featuredmedia":[{"embeddable":true,"href":"https:\/\/colosalinforma.com\/inicio\/wp-json\/wp\/v2\/media\/14727"}],"wp:attachment":[{"href":"https:\/\/colosalinforma.com\/inicio\/wp-json\/wp\/v2\/media?parent=14724"}],"wp:term":[{"taxonomy":"category","embeddable":true,"href":"https:\/\/colosalinforma.com\/inicio\/wp-json\/wp\/v2\/categories?post=14724"},{"taxonomy":"post_tag","embeddable":true,"href":"https:\/\/colosalinforma.com\/inicio\/wp-json\/wp\/v2\/tags?post=14724"}],"curies":[{"name":"wp","href":"https:\/\/api.w.org\/{rel}","templated":true}]}}