{"id":14752,"date":"2025-11-03T08:20:50","date_gmt":"2025-11-03T14:20:50","guid":{"rendered":"https:\/\/colosalinforma.com\/inicio\/?p=14752"},"modified":"2025-11-03T08:20:50","modified_gmt":"2025-11-03T14:20:50","slug":"terremoto-en-afganistan-deja-muertos-y-heridos","status":"publish","type":"post","link":"https:\/\/colosalinforma.com\/inicio\/terremoto-en-afganistan-deja-muertos-y-heridos\/","title":{"rendered":"Terremoto en Afganist\u00e1n deja muertos y heridos"},"content":{"rendered":"<div class=\"boldgrid-section\">\n<div class=\"container\">\n<div class=\"row\">\n<div class=\"col-lg-12 col-md-12 col-xs-12 col-sm-12\">\n<p><span style=\"color: #000000;\">Un <strong>terremoto en Afganist\u00e1n<\/strong> de <strong>magnitud 6.3<\/strong> dej\u00f3 al menos <strong>20 muertos<\/strong> y <strong>m\u00e1s de 300 heridos<\/strong> en las provincias de <strong>Samangan<\/strong> y <strong>Balkh<\/strong>, informaron este lunes autoridades locales.\u00a0<\/span><\/p>\n<p><span style=\"color: #000000;\">El sismo ocurri\u00f3 alrededor de la 01:00 hora local (20:30 GMT del domingo), con epicentro en <strong>Kholm<\/strong>, provincia de Samangan, a una profundidad de 28 kil\u00f3metros, de acuerdo con el <strong>Servicio Geol\u00f3gico de Estados Unidos <\/strong>(USGS).<\/span><\/p>\n<figure class=\"wp-block-embed is-type-rich is-provider-twitter wp-block-embed-twitter\">\n<div class=\"wp-block-embed__wrapper\">\n<div class=\"amx-core-embed-social\">\n<div class=\"twitter-tweet twitter-tweet-rendered\"><iframe id=\"twitter-widget-0\" class=\"\" title=\"X Post\" src=\"https:\/\/platform.twitter.com\/embed\/Tweet.html?creatorScreenName=unonoticias&dnt=true&embedId=twitter-widget-0&features=eyJ0ZndfdGltZWxpbmVfbGlzdCI6eyJidWNrZXQiOltdLCJ2ZXJzaW9uIjpudWxsfSwidGZ3X2ZvbGxvd2VyX2NvdW50X3N1bnNldCI6eyJidWNrZXQiOnRydWUsInZlcnNpb24iOm51bGx9LCJ0ZndfdHdlZXRfZWRpdF9iYWNrZW5kIjp7ImJ1Y2tldCI6Im9uIiwidmVyc2lvbiI6bnVsbH0sInRmd19yZWZzcmNfc2Vzc2lvbiI6eyJidWNrZXQiOiJvbiIsInZlcnNpb24iOm51bGx9LCJ0ZndfZm9zbnJfc29mdF9pbnRlcnZlbnRpb25zX2VuYWJsZWQiOnsiYnVja2V0Ijoib24iLCJ2ZXJzaW9uIjpudWxsfSwidGZ3X21peGVkX21lZGlhXzE1ODk3Ijp7ImJ1Y2tldCI6InRyZWF0bWVudCIsInZlcnNpb24iOm51bGx9LCJ0ZndfZXhwZXJpbWVudHNfY29va2llX2V4cGlyYXRpb24iOnsiYnVja2V0IjoxMjA5NjAwLCJ2ZXJzaW9uIjpudWxsfSwidGZ3X3Nob3dfYmlyZHdhdGNoX3Bpdm90c19lbmFibGVkIjp7ImJ1Y2tldCI6Im9uIiwidmVyc2lvbiI6bnVsbH0sInRmd19kdXBsaWNhdGVfc2NyaWJlc190b19zZXR0aW5ncyI6eyJidWNrZXQiOiJvbiIsInZlcnNpb24iOm51bGx9LCJ0ZndfdXNlX3Byb2ZpbGVfaW1hZ2Vfc2hhcGVfZW5hYmxlZCI6eyJidWNrZXQiOiJvbiIsInZlcnNpb24iOm51bGx9LCJ0ZndfdmlkZW9faGxzX2R5bmFtaWNfbWFuaWZlc3RzXzE1MDgyIjp7ImJ1Y2tldCI6InRydWVfYml0cmF0ZSIsInZlcnNpb24iOm51bGx9LCJ0ZndfbGVnYWN5X3RpbWVsaW5lX3N1bnNldCI6eyJidWNrZXQiOnRydWUsInZlcnNpb24iOm51bGx9LCJ0ZndfdHdlZXRfZWRpdF9mcm9udGVuZCI6eyJidWNrZXQiOiJvbiIsInZlcnNpb24iOm51bGx9fQ%3D%3D&frame=false&hideCard=false&hideThread=false&id=1985091586578170186&lang=es&origin=https%3A%2F%2Fwww.unotv.com%2Finternacional%2Fal-menos-20-muertos-y-mas-de-300-heridos-por-fuerte-terremoto-en-el-norte-de-afganistan%2F&sessionId=b5b0c1cb9f3dfa6db055b936f8d0e22e99a6fecc&siteScreenName=unonoticias&theme=light&widgetsVersion=2615f7e52b7e0%3A1702314776716&width=500px\" frameborder=\"0\" scrolling=\"no\" allowfullscreen=\"allowfullscreen\" data-tweet-id=\"1985091586578170186\" data-mce-fragment=\"1\"><\/iframe><\/div>\n<\/div>\n<\/div>\n<\/figure>\n<div class=\"code-block code-block-1\"><\/div>\n<p><span style=\"color: #000000;\">Sharafat Zaman, portavoz del <strong>Ministerio de Salud<\/strong> de Afganist\u00e1n, se\u00f1al\u00f3 que \u201calrededor de 320 compatriotas fueron heridos y m\u00e1s de 20 murieron\u201d. Aclar\u00f3 que se trata de un <strong>saldo provisional<\/strong> mientras contin\u00faan las labores de rescate y evaluaci\u00f3n de da\u00f1os.<\/span><\/p>\n<h2 id=\"h-danos-por-el-terremoto-en-afganistan\" class=\"wp-block-heading\"><span style=\"color: #000000;\">Da\u00f1os por el terremoto en Afganist\u00e1n<\/span><\/h2>\n<div class=\"code-block code-block-57\"><\/div>\n<p class=\"\"><span style=\"color: #000000;\">El fuerte <strong>terremoto en Afganist\u00e1n<\/strong> tambi\u00e9n provoc\u00f3 <strong>da\u00f1os estructurales<\/strong> en varios edificios, incluida la <strong>mezquita azul de Mazar-i-Sharif<\/strong>, una construcci\u00f3n del siglo XV considerada una joya arquitect\u00f3nica del pa\u00eds. Partes del edificio, especialmente uno de sus minaretes, colapsaron tras el movimiento tel\u00farico.<\/span><\/p>\n<figure class=\"wp-block-embed is-type-rich is-provider-twitter wp-block-embed-twitter\">\n<div class=\"wp-block-embed__wrapper\">\n<div class=\"amx-core-embed-social\">\n<div class=\"twitter-tweet twitter-tweet-rendered\"><iframe id=\"twitter-widget-1\" class=\"\" title=\"X Post\" src=\"https:\/\/platform.twitter.com\/embed\/Tweet.html?creatorScreenName=unonoticias&dnt=true&embedId=twitter-widget-1&features=eyJ0ZndfdGltZWxpbmVfbGlzdCI6eyJidWNrZXQiOltdLCJ2ZXJzaW9uIjpudWxsfSwidGZ3X2ZvbGxvd2VyX2NvdW50X3N1bnNldCI6eyJidWNrZXQiOnRydWUsInZlcnNpb24iOm51bGx9LCJ0ZndfdHdlZXRfZWRpdF9iYWNrZW5kIjp7ImJ1Y2tldCI6Im9uIiwidmVyc2lvbiI6bnVsbH0sInRmd19yZWZzcmNfc2Vzc2lvbiI6eyJidWNrZXQiOiJvbiIsInZlcnNpb24iOm51bGx9LCJ0ZndfZm9zbnJfc29mdF9pbnRlcnZlbnRpb25zX2VuYWJsZWQiOnsiYnVja2V0Ijoib24iLCJ2ZXJzaW9uIjpudWxsfSwidGZ3X21peGVkX21lZGlhXzE1ODk3Ijp7ImJ1Y2tldCI6InRyZWF0bWVudCIsInZlcnNpb24iOm51bGx9LCJ0ZndfZXhwZXJpbWVudHNfY29va2llX2V4cGlyYXRpb24iOnsiYnVja2V0IjoxMjA5NjAwLCJ2ZXJzaW9uIjpudWxsfSwidGZ3X3Nob3dfYmlyZHdhdGNoX3Bpdm90c19lbmFibGVkIjp7ImJ1Y2tldCI6Im9uIiwidmVyc2lvbiI6bnVsbH0sInRmd19kdXBsaWNhdGVfc2NyaWJlc190b19zZXR0aW5ncyI6eyJidWNrZXQiOiJvbiIsInZlcnNpb24iOm51bGx9LCJ0ZndfdXNlX3Byb2ZpbGVfaW1hZ2Vfc2hhcGVfZW5hYmxlZCI6eyJidWNrZXQiOiJvbiIsInZlcnNpb24iOm51bGx9LCJ0ZndfdmlkZW9faGxzX2R5bmFtaWNfbWFuaWZlc3RzXzE1MDgyIjp7ImJ1Y2tldCI6InRydWVfYml0cmF0ZSIsInZlcnNpb24iOm51bGx9LCJ0ZndfbGVnYWN5X3RpbWVsaW5lX3N1bnNldCI6eyJidWNrZXQiOnRydWUsInZlcnNpb24iOm51bGx9LCJ0ZndfdHdlZXRfZWRpdF9mcm9udGVuZCI6eyJidWNrZXQiOiJvbiIsInZlcnNpb24iOm51bGx9fQ%3D%3D&frame=false&hideCard=false&hideThread=false&id=1985129043939717416&lang=es&origin=https%3A%2F%2Fwww.unotv.com%2Finternacional%2Fal-menos-20-muertos-y-mas-de-300-heridos-por-fuerte-terremoto-en-el-norte-de-afganistan%2F&sessionId=b5b0c1cb9f3dfa6db055b936f8d0e22e99a6fecc&siteScreenName=unonoticias&theme=light&widgetsVersion=2615f7e52b7e0%3A1702314776716&width=500px\" frameborder=\"0\" scrolling=\"no\" allowfullscreen=\"allowfullscreen\" data-tweet-id=\"1985129043939717416\" data-mce-fragment=\"1\"><\/iframe><\/div>\n<\/div>\n<\/div>\n<\/figure>\n<div class=\"code-block code-block-2\">\n<div class=\"truvidPos\"><\/div>\n<\/div>\n<p><span style=\"color: #000000;\">Seg\u00fan reportes locales, las autoridades restringieron temporalmente el acceso a la prensa en la zona afectada.<\/span><\/p>\n<div class=\"code-block code-block-8\">\n<div class=\"code-block\"><\/div>\n<div class=\"code-block\"><\/div>\n<\/div>\n<p><span style=\"color: #000000;\">El <strong>Ministerio de Defensa<\/strong> inform\u00f3 que equipos militares lograron despejar una carretera bloqueada por deslizamientos de tierra y rescatar a personas atrapadas durante la madrugada.<\/span><br \/>\n<span style=\"color: #000000;\">Las autoridades reconocieron que las <strong>deficientes redes de comunicaci\u00f3n<\/strong> y la falta de infraestructura dificultan las tareas de emergencia en \u00e1reas monta\u00f1osas del norte del pa\u00eds.<\/span><\/p>\n<h2 id=\"h-afganistan-pais-propenso-a-terremotos\" class=\"wp-block-heading\"><span style=\"color: #000000;\">Afganist\u00e1n, pa\u00eds propenso a terremotos<\/span><\/h2>\n<p><span style=\"color: #000000;\">El <strong>norte de Afganist\u00e1n<\/strong> es una zona <strong>s\u00edsmicamente activa<\/strong>, ubicada cerca de la cordillera del <strong>Hindu Kush<\/strong>, donde convergen las placas tect\u00f3nicas <strong>euroasi\u00e1tica<\/strong> e <strong>india<\/strong>.<\/span><\/p>\n<div class=\"code-block code-block-58\"><\/div>\n<p><span style=\"color: #000000;\">De acuerdo con el <strong>British Geological Survey<\/strong>, desde 1900 el noreste afgano ha registrado <strong>12 terremotos con magnitudes superiores a 7<\/strong>.<\/span><\/p>\n<p><span style=\"color: #000000;\">En agosto pasado, otro <strong>sismo de magnitud 6<\/strong> afect\u00f3 las provincias de <strong>Kunar<\/strong>, <strong>Laghman<\/strong> y <strong>Nangarhar<\/strong>, dejando m\u00e1s de <strong>2 mil 200 personas fallecidas<\/strong>, en lo que se considera el <strong>terremoto m\u00e1s letal de la historia reciente<\/strong> del pa\u00eds.<\/span><\/p>\n<p><span style=\"color: #000000;\">En 2023, un movimiento tel\u00farico en la regi\u00f3n de <strong>Herat<\/strong>, fronteriza con Ir\u00e1n, dej\u00f3 m\u00e1s de <strong>1,500 muertos<\/strong> y destruy\u00f3 alrededor de <strong>63,000 viviendas<\/strong>.<\/span><\/p>\n<h2 id=\"h-crisis-humanitaria-en-afganistan\" class=\"wp-block-heading\"><span style=\"color: #000000;\">Crisis humanitaria en Afganist\u00e1n<\/span><\/h2>\n<p><span style=\"color: #000000;\">La <strong>ONU<\/strong> y organismos de ayuda humanitaria han advertido que la situaci\u00f3n en Afganist\u00e1n contin\u00faa deterior\u00e1ndose.<\/span><\/p>\n<p class=\"\"><span style=\"color: #000000;\">A la alta frecuencia de <strong>terremotos<\/strong>, se suma el <strong>colapso econ\u00f3mico<\/strong>, la <strong>sequ\u00eda<\/strong> y el aumento de la <strong>inseguridad alimentaria<\/strong>, factores que agravan la <strong>crisis humanitaria<\/strong> que enfrenta la poblaci\u00f3n desde el retorno de los <strong>talibanes al poder en 2021<\/strong>.<\/span><\/p>\n<\/div>\n<\/div>\n<\/div>\n<\/div>\n","protected":false},"excerpt":{"rendered":"<p>Un terremoto en Afganist\u00e1n de magnitud 6.3 dej\u00f3 al menos 20 muertos y m\u00e1s de 300 heridos en las provincias de Samangan y Balkh, informaron este lunes autoridades locales.\u00a0 El sismo ocurri\u00f3 alrededor de la 01:00 hora local (20:30 GMT del domingo), con epicentro en Kholm, provincia de Samangan, a una profundidad de 28 kil\u00f3metros, de acuerdo con el Servicio Geol\u00f3gico de Estados Unidos (USGS). Sharafat Zaman, portavoz del Ministerio de Salud de Afganist\u00e1n, se\u00f1al\u00f3 que \u201calrededor de 320 compatriotas fueron heridos y m\u00e1s de 20 murieron\u201d. Aclar\u00f3 que se trata de un saldo provisional mientras contin\u00faan las labores de&#8230;<\/p>\n","protected":false},"author":4,"featured_media":3503,"comment_status":"open","ping_status":"open","sticky":false,"template":"","format":"standard","meta":{"_acf_changed":false,"footnotes":""},"categories":[33],"tags":[],"class_list":["post-14752","post","type-post","status-publish","format-standard","has-post-thumbnail","hentry","category-internacionales"],"acf":[],"aioseo_notices":[],"_links":{"self":[{"href":"https:\/\/colosalinforma.com\/inicio\/wp-json\/wp\/v2\/posts\/14752","targetHints":{"allow":["GET"]}}],"collection":[{"href":"https:\/\/colosalinforma.com\/inicio\/wp-json\/wp\/v2\/posts"}],"about":[{"href":"https:\/\/colosalinforma.com\/inicio\/wp-json\/wp\/v2\/types\/post"}],"author":[{"embeddable":true,"href":"https:\/\/colosalinforma.com\/inicio\/wp-json\/wp\/v2\/users\/4"}],"replies":[{"embeddable":true,"href":"https:\/\/colosalinforma.com\/inicio\/wp-json\/wp\/v2\/comments?post=14752"}],"version-history":[{"count":1,"href":"https:\/\/colosalinforma.com\/inicio\/wp-json\/wp\/v2\/posts\/14752\/revisions"}],"predecessor-version":[{"id":14755,"href":"https:\/\/colosalinforma.com\/inicio\/wp-json\/wp\/v2\/posts\/14752\/revisions\/14755"}],"wp:featuredmedia":[{"embeddable":true,"href":"https:\/\/colosalinforma.com\/inicio\/wp-json\/wp\/v2\/media\/3503"}],"wp:attachment":[{"href":"https:\/\/colosalinforma.com\/inicio\/wp-json\/wp\/v2\/media?parent=14752"}],"wp:term":[{"taxonomy":"category","embeddable":true,"href":"https:\/\/colosalinforma.com\/inicio\/wp-json\/wp\/v2\/categories?post=14752"},{"taxonomy":"post_tag","embeddable":true,"href":"https:\/\/colosalinforma.com\/inicio\/wp-json\/wp\/v2\/tags?post=14752"}],"curies":[{"name":"wp","href":"https:\/\/api.w.org\/{rel}","templated":true}]}}