{"id":14775,"date":"2025-11-03T08:58:39","date_gmt":"2025-11-03T14:58:39","guid":{"rendered":"https:\/\/colosalinforma.com\/inicio\/?p=14775"},"modified":"2025-11-03T08:58:39","modified_gmt":"2025-11-03T14:58:39","slug":"la-sele-sub17-empato-en-su-primer-partido-del-mundial","status":"publish","type":"post","link":"https:\/\/colosalinforma.com\/inicio\/la-sele-sub17-empato-en-su-primer-partido-del-mundial\/","title":{"rendered":"La Sele SUB17, empat\u00f3 en su primer partido del mundial"},"content":{"rendered":"<div class=\"boldgrid-section\">\n<div class=\"container\">\n<div class=\"row\">\n<div class=\"col-lg-12 col-md-12 col-xs-12 col-sm-12\">\n<p data-start=\"151\" data-end=\"224\"><span style=\"color: #000000;\"><strong data-start=\"151\" data-end=\"224\">Costa Rica Sub-17 debuta con empate ante Emiratos \u00c1rabes Unidos \u26bd\ud83c\udde8\ud83c\uddf7<\/strong><\/span><\/p>\n<p data-start=\"226\" data-end=\"429\"><span style=\"color: #000000;\">La Selecci\u00f3n Nacional Sub-17 de Costa Rica arranc\u00f3 su participaci\u00f3n en el Mundial de la categor\u00eda con un intenso empate <strong data-start=\"346\" data-end=\"353\">1-1<\/strong> frente a Emiratos \u00c1rabes Unidos, en un duelo cargado de emoci\u00f3n y coraje.<\/span><\/p>\n<p data-start=\"431\" data-end=\"763\"><span style=\"color: #000000;\">El compromiso, correspondiente al <strong data-start=\"465\" data-end=\"476\">Grupo C<\/strong>, se complic\u00f3 para los ticos cuando <strong data-start=\"512\" data-end=\"556\">Isaac Badilla fue expulsado al minuto 31<\/strong>, dejando al equipo con un jugador menos durante m\u00e1s de una hora de juego. A pesar de la adversidad, los j\u00f3venes costarricenses mostraron car\u00e1cter y lograron sumar un valioso punto en su debut mundialista.<\/span><\/p>\n<p data-start=\"765\" data-end=\"1006\"><span style=\"color: #000000;\">El cuadro asi\u00e1tico abri\u00f3 el marcador al <strong data-start=\"805\" data-end=\"818\">minuto 59<\/strong> por medio de <strong data-start=\"832\" data-end=\"846\">Mayed Adel<\/strong>, pero la reacci\u00f3n nacional fue inmediata: <strong data-start=\"889\" data-end=\"906\">Nick Bennette<\/strong> aprovech\u00f3 un rebote en el \u00e1rea y marc\u00f3 el <strong data-start=\"949\" data-end=\"963\">1-1 al 62\u2019<\/strong>, devolviendo la esperanza a la Tricolor.<\/span><\/p>\n<p data-start=\"1008\" data-end=\"1220\"><span style=\"color: #000000;\">Con este resultado, Costa Rica consigue su <strong data-start=\"1051\" data-end=\"1067\">primer punto<\/strong> del torneo y mantiene intactas sus opciones de avanzar a la siguiente ronda. En el otro compromiso del grupo, <strong data-start=\"1178\" data-end=\"1199\">Croacia y Senegal<\/strong> empataron <strong data-start=\"1210\" data-end=\"1217\">0-0<\/strong>.<\/span><\/p>\n<p class=\"\" data-start=\"1222\" data-end=\"1374\"><span style=\"color: #000000;\">El pr\u00f3ximo desaf\u00edo de la Sele ser\u00e1 <strong data-start=\"1257\" data-end=\"1291\">ante Senegal el 6 de noviembre<\/strong>, mientras que cerrar\u00e1 la fase de grupos <strong data-start=\"1332\" data-end=\"1371\">frente a Croacia el 11 de noviembre<\/strong>.<\/span><\/p>\n<\/div>\n<\/div>\n<\/div>\n<\/div>\n","protected":false},"excerpt":{"rendered":"<p>Costa Rica Sub-17 debuta con empate ante Emiratos \u00c1rabes Unidos \u26bd\ud83c\udde8\ud83c\uddf7 La Selecci\u00f3n Nacional Sub-17 de Costa Rica arranc\u00f3 su participaci\u00f3n en el Mundial de la categor\u00eda con un intenso empate 1-1 frente a Emiratos \u00c1rabes Unidos, en un duelo cargado de emoci\u00f3n y coraje. El compromiso, correspondiente al Grupo C, se complic\u00f3 para los ticos cuando Isaac Badilla fue expulsado al minuto 31, dejando al equipo con un jugador menos durante m\u00e1s de una hora de juego. A pesar de la adversidad, los j\u00f3venes costarricenses mostraron car\u00e1cter y lograron sumar un valioso punto en su debut mundialista. El cuadro&#8230;<\/p>\n","protected":false},"author":4,"featured_media":14778,"comment_status":"open","ping_status":"open","sticky":false,"template":"","format":"standard","meta":{"_acf_changed":false,"footnotes":""},"categories":[34],"tags":[],"class_list":["post-14775","post","type-post","status-publish","format-standard","has-post-thumbnail","hentry","category-deportes"],"acf":[],"aioseo_notices":[],"_links":{"self":[{"href":"https:\/\/colosalinforma.com\/inicio\/wp-json\/wp\/v2\/posts\/14775","targetHints":{"allow":["GET"]}}],"collection":[{"href":"https:\/\/colosalinforma.com\/inicio\/wp-json\/wp\/v2\/posts"}],"about":[{"href":"https:\/\/colosalinforma.com\/inicio\/wp-json\/wp\/v2\/types\/post"}],"author":[{"embeddable":true,"href":"https:\/\/colosalinforma.com\/inicio\/wp-json\/wp\/v2\/users\/4"}],"replies":[{"embeddable":true,"href":"https:\/\/colosalinforma.com\/inicio\/wp-json\/wp\/v2\/comments?post=14775"}],"version-history":[{"count":1,"href":"https:\/\/colosalinforma.com\/inicio\/wp-json\/wp\/v2\/posts\/14775\/revisions"}],"predecessor-version":[{"id":14779,"href":"https:\/\/colosalinforma.com\/inicio\/wp-json\/wp\/v2\/posts\/14775\/revisions\/14779"}],"wp:featuredmedia":[{"embeddable":true,"href":"https:\/\/colosalinforma.com\/inicio\/wp-json\/wp\/v2\/media\/14778"}],"wp:attachment":[{"href":"https:\/\/colosalinforma.com\/inicio\/wp-json\/wp\/v2\/media?parent=14775"}],"wp:term":[{"taxonomy":"category","embeddable":true,"href":"https:\/\/colosalinforma.com\/inicio\/wp-json\/wp\/v2\/categories?post=14775"},{"taxonomy":"post_tag","embeddable":true,"href":"https:\/\/colosalinforma.com\/inicio\/wp-json\/wp\/v2\/tags?post=14775"}],"curies":[{"name":"wp","href":"https:\/\/api.w.org\/{rel}","templated":true}]}}