{"id":14798,"date":"2025-11-06T08:45:55","date_gmt":"2025-11-06T14:45:55","guid":{"rendered":"https:\/\/colosalinforma.com\/inicio\/?p=14798"},"modified":"2025-11-06T08:45:55","modified_gmt":"2025-11-06T14:45:55","slug":"menor-de-edad-fue-asesinado-en-pavas","status":"publish","type":"post","link":"https:\/\/colosalinforma.com\/inicio\/menor-de-edad-fue-asesinado-en-pavas\/","title":{"rendered":"Menor de edad fue asesinado en Pavas"},"content":{"rendered":"<div class=\"boldgrid-section\">\n<div class=\"container\">\n<div class=\"row\">\n<div class=\"col-lg-12 col-md-12 col-xs-12 col-sm-12\">\n<p><span style=\"color: #000000;\"><span lang=\"ES-CR\" xml:lang=\"ES-CR\" data-contrast=\"none\">Un menor de 17 fue asesinado producto de una balacera que se present\u00f3 en Pavas, San Jos\u00e9.<\/span>\u00a0<\/span><\/p>\n<p><span style=\"color: #000000;\"><span lang=\"ES-CR\" xml:lang=\"ES-CR\" data-contrast=\"none\">El ataque ocurri\u00f3 la noche de este martes, cerca del sal\u00f3n comunal de\u00a0Bribri, en Lomas del R\u00edo.<\/span>\u00a0<\/span><\/p>\n<p><span style=\"color: #000000;\"><span lang=\"ES-CR\" xml:lang=\"ES-CR\" data-contrast=\"none\">De acuerdo con el reporte de la Cruz Roja, al llegar al lugar los familiares ya ten\u00edan alzado al joven, el cual fue ingresado en la ambulancia y trasladado hasta el Hospital San Juan de Dios, donde lamentablemente muri\u00f3 minutos despu\u00e9s de su ingreso.<\/span>\u00a0<\/span><\/p>\n<p><span style=\"color: #000000;\"><span lang=\"ES-CR\" xml:lang=\"ES-CR\" data-contrast=\"none\">La Fuerza P\u00fablica mantiene un amplio operativo policial en la zona, mientras que el OIJ se hizo presente al centro m\u00e9dico para el levantamiento del cuerpo y la respectiva investigaci\u00f3n.<\/span>\u00a0<\/span><\/p>\n<p class=\"\"><span style=\"color: #000000;\"><span lang=\"ES-CR\" xml:lang=\"ES-CR\" data-contrast=\"none\">Pavas ha sido azotada en los \u00faltimos d\u00edas por asesinatos violentos, principalmente relacionado\u00a0con\u00a0un tema de disputa por territorios de bandas narco y por un tema de taxistas informales.<\/span>\u00a0<\/span><\/p>\n<\/div>\n<\/div>\n<\/div>\n<\/div>\n","protected":false},"excerpt":{"rendered":"<p>Un menor de 17 fue asesinado producto de una balacera que se present\u00f3 en Pavas, San Jos\u00e9.\u00a0 El ataque ocurri\u00f3 la noche de este martes, cerca del sal\u00f3n comunal de\u00a0Bribri, en Lomas del R\u00edo.\u00a0 De acuerdo con el reporte de la Cruz Roja, al llegar al lugar los familiares ya ten\u00edan alzado al joven, el cual fue ingresado en la ambulancia y trasladado hasta el Hospital San Juan de Dios, donde lamentablemente muri\u00f3 minutos despu\u00e9s de su ingreso.\u00a0 La Fuerza P\u00fablica mantiene un amplio operativo policial en la zona, mientras que el OIJ se hizo presente al centro m\u00e9dico para&#8230;<\/p>\n","protected":false},"author":4,"featured_media":2361,"comment_status":"open","ping_status":"open","sticky":false,"template":"","format":"standard","meta":{"_acf_changed":false,"footnotes":""},"categories":[32],"tags":[],"class_list":["post-14798","post","type-post","status-publish","format-standard","has-post-thumbnail","hentry","category-nacionales"],"acf":[],"aioseo_notices":[],"_links":{"self":[{"href":"https:\/\/colosalinforma.com\/inicio\/wp-json\/wp\/v2\/posts\/14798","targetHints":{"allow":["GET"]}}],"collection":[{"href":"https:\/\/colosalinforma.com\/inicio\/wp-json\/wp\/v2\/posts"}],"about":[{"href":"https:\/\/colosalinforma.com\/inicio\/wp-json\/wp\/v2\/types\/post"}],"author":[{"embeddable":true,"href":"https:\/\/colosalinforma.com\/inicio\/wp-json\/wp\/v2\/users\/4"}],"replies":[{"embeddable":true,"href":"https:\/\/colosalinforma.com\/inicio\/wp-json\/wp\/v2\/comments?post=14798"}],"version-history":[{"count":1,"href":"https:\/\/colosalinforma.com\/inicio\/wp-json\/wp\/v2\/posts\/14798\/revisions"}],"predecessor-version":[{"id":14801,"href":"https:\/\/colosalinforma.com\/inicio\/wp-json\/wp\/v2\/posts\/14798\/revisions\/14801"}],"wp:featuredmedia":[{"embeddable":true,"href":"https:\/\/colosalinforma.com\/inicio\/wp-json\/wp\/v2\/media\/2361"}],"wp:attachment":[{"href":"https:\/\/colosalinforma.com\/inicio\/wp-json\/wp\/v2\/media?parent=14798"}],"wp:term":[{"taxonomy":"category","embeddable":true,"href":"https:\/\/colosalinforma.com\/inicio\/wp-json\/wp\/v2\/categories?post=14798"},{"taxonomy":"post_tag","embeddable":true,"href":"https:\/\/colosalinforma.com\/inicio\/wp-json\/wp\/v2\/tags?post=14798"}],"curies":[{"name":"wp","href":"https:\/\/api.w.org\/{rel}","templated":true}]}}