{"id":14802,"date":"2025-11-06T08:49:03","date_gmt":"2025-11-06T14:49:03","guid":{"rendered":"https:\/\/colosalinforma.com\/inicio\/?p=14802"},"modified":"2025-11-06T08:49:03","modified_gmt":"2025-11-06T14:49:03","slug":"camiseta-de-la-sele-esta-inspirada-en-la-guaria-morada","status":"publish","type":"post","link":"https:\/\/colosalinforma.com\/inicio\/camiseta-de-la-sele-esta-inspirada-en-la-guaria-morada\/","title":{"rendered":"Camiseta de La Sele est\u00e1 inspirada en la guaria morada"},"content":{"rendered":"<div class=\"boldgrid-section\">\n<div class=\"container\">\n<div class=\"row\">\n<div class=\"col-lg-12 col-md-12 col-xs-12 col-sm-12\">\n<p data-start=\"170\" data-end=\"281\"><span style=\"color: #000000;\"><strong data-start=\"170\" data-end=\"281\">Adidas y la Federaci\u00f3n Costarricense de F\u00fatbol presentan la nueva camiseta de la Sele rumbo al Mundial 2026<\/strong><\/span><\/p>\n<p data-start=\"283\" data-end=\"473\"><span style=\"color: #000000;\">La Federaci\u00f3n Costarricense de F\u00fatbol present\u00f3 oficialmente la nueva indumentaria de local que usar\u00e1 la Selecci\u00f3n Nacional de Costa Rica en el camino hacia la Copa Mundial de la FIFA 2026.<\/span><\/p>\n<p data-start=\"475\" data-end=\"731\"><span style=\"color: #000000;\">El dise\u00f1o toma como inspiraci\u00f3n la <strong data-start=\"510\" data-end=\"527\">guaria morada<\/strong>, s\u00edmbolo nacional, y destaca detalles que representan la identidad y el orgullo costarricense. En la parte posterior del cuello se puede leer la frase <strong data-start=\"679\" data-end=\"694\">\u201cPura Vida\u201d<\/strong>, un sello caracter\u00edstico del pa\u00eds.<\/span><\/p>\n<p data-start=\"733\" data-end=\"877\"><span style=\"color: #000000;\">Desde Adidas se destac\u00f3 que la camiseta busca reflejar la pasi\u00f3n de los aficionados y rendir homenaje a la naturaleza y cultura de Costa Rica.<\/span><\/p>\n<p class=\"\" data-start=\"879\" data-end=\"1000\"><span style=\"color: #000000;\">La prenda estar\u00e1 disponible a partir del <strong data-start=\"920\" data-end=\"938\">6 de noviembre<\/strong> en tiendas Adidas y en el sitio web oficial <strong data-start=\"983\" data-end=\"997\">adidas.com<\/strong>.<\/span><\/p>\n<\/div>\n<\/div>\n<\/div>\n<\/div>\n","protected":false},"excerpt":{"rendered":"<p>Adidas y la Federaci\u00f3n Costarricense de F\u00fatbol presentan la nueva camiseta de la Sele rumbo al Mundial 2026 La Federaci\u00f3n Costarricense de F\u00fatbol present\u00f3 oficialmente la nueva indumentaria de local que usar\u00e1 la Selecci\u00f3n Nacional de Costa Rica en el camino hacia la Copa Mundial de la FIFA 2026. El dise\u00f1o toma como inspiraci\u00f3n la guaria morada, s\u00edmbolo nacional, y destaca detalles que representan la identidad y el orgullo costarricense. En la parte posterior del cuello se puede leer la frase \u201cPura Vida\u201d, un sello caracter\u00edstico del pa\u00eds. Desde Adidas se destac\u00f3 que la camiseta busca reflejar la pasi\u00f3n de&#8230;<\/p>\n","protected":false},"author":4,"featured_media":14805,"comment_status":"open","ping_status":"open","sticky":false,"template":"","format":"standard","meta":{"_acf_changed":false,"footnotes":""},"categories":[34],"tags":[],"class_list":["post-14802","post","type-post","status-publish","format-standard","has-post-thumbnail","hentry","category-deportes"],"acf":[],"aioseo_notices":[],"_links":{"self":[{"href":"https:\/\/colosalinforma.com\/inicio\/wp-json\/wp\/v2\/posts\/14802","targetHints":{"allow":["GET"]}}],"collection":[{"href":"https:\/\/colosalinforma.com\/inicio\/wp-json\/wp\/v2\/posts"}],"about":[{"href":"https:\/\/colosalinforma.com\/inicio\/wp-json\/wp\/v2\/types\/post"}],"author":[{"embeddable":true,"href":"https:\/\/colosalinforma.com\/inicio\/wp-json\/wp\/v2\/users\/4"}],"replies":[{"embeddable":true,"href":"https:\/\/colosalinforma.com\/inicio\/wp-json\/wp\/v2\/comments?post=14802"}],"version-history":[{"count":1,"href":"https:\/\/colosalinforma.com\/inicio\/wp-json\/wp\/v2\/posts\/14802\/revisions"}],"predecessor-version":[{"id":14806,"href":"https:\/\/colosalinforma.com\/inicio\/wp-json\/wp\/v2\/posts\/14802\/revisions\/14806"}],"wp:featuredmedia":[{"embeddable":true,"href":"https:\/\/colosalinforma.com\/inicio\/wp-json\/wp\/v2\/media\/14805"}],"wp:attachment":[{"href":"https:\/\/colosalinforma.com\/inicio\/wp-json\/wp\/v2\/media?parent=14802"}],"wp:term":[{"taxonomy":"category","embeddable":true,"href":"https:\/\/colosalinforma.com\/inicio\/wp-json\/wp\/v2\/categories?post=14802"},{"taxonomy":"post_tag","embeddable":true,"href":"https:\/\/colosalinforma.com\/inicio\/wp-json\/wp\/v2\/tags?post=14802"}],"curies":[{"name":"wp","href":"https:\/\/api.w.org\/{rel}","templated":true}]}}