{"id":14808,"date":"2025-11-06T08:52:21","date_gmt":"2025-11-06T14:52:21","guid":{"rendered":"https:\/\/colosalinforma.com\/inicio\/?p=14808"},"modified":"2025-11-06T08:52:21","modified_gmt":"2025-11-06T14:52:21","slug":"cristiano-ronaldo-revela-que-su-retiro-llegara-pronto","status":"publish","type":"post","link":"https:\/\/colosalinforma.com\/inicio\/cristiano-ronaldo-revela-que-su-retiro-llegara-pronto\/","title":{"rendered":"Cristiano Ronaldo revela que su retiro llegar\u00e1 pronto"},"content":{"rendered":"<div class=\"boldgrid-section\">\n<div class=\"container\">\n<div class=\"row\">\n<div class=\"col-lg-12 col-md-12 col-xs-12 col-sm-12\">\n<p data-start=\"188\" data-end=\"283\"><span style=\"color: #000000;\"><strong data-start=\"188\" data-end=\"275\">Cristiano Ronaldo habla sobre su futuro y adelanta su retiro del f\u00fatbol profesional<\/strong> \u26bd\ud83c\uddf5\ud83c\uddf9<\/span><\/p>\n<p data-start=\"285\" data-end=\"638\"><span style=\"color: #000000;\">El delantero portugu\u00e9s <strong data-start=\"308\" data-end=\"329\">Cristiano Ronaldo<\/strong> comparti\u00f3 que su retiro del f\u00fatbol podr\u00eda estar m\u00e1s cerca de lo que muchos imaginan. En una conversaci\u00f3n con el periodista brit\u00e1nico <strong data-start=\"463\" data-end=\"479\">Piers Morgan<\/strong>, publicada en YouTube, el jugador del <strong data-start=\"518\" data-end=\"530\">Al Nassr<\/strong> de Arabia Saudita reflexion\u00f3 sobre el final de su carrera y los nuevos cap\u00edtulos que planea para su vida.<\/span><\/p>\n<p data-start=\"640\" data-end=\"878\"><span style=\"color: #000000;\">\u201c<strong data-start=\"641\" data-end=\"688\">Ser\u00e1 pronto, pero estoy preparado para ello<\/strong>\u201d, coment\u00f3 el astro de 40 a\u00f1os, reconociendo que dejar el f\u00fatbol no ser\u00e1 una etapa f\u00e1cil. \u201cProbablemente llorar\u00e9, porque soy una persona muy abierta. Ser\u00e1 muy duro\u201d, a\u00f1adi\u00f3 con sinceridad.<\/span><\/p>\n<p data-start=\"880\" data-end=\"1049\"><span style=\"color: #000000;\">Ronaldo explic\u00f3 que lleva a\u00f1os prepar\u00e1ndose para ese momento: \u201cDesde mis veintitantos he estado organizando mi futuro, as\u00ed que creo que sabr\u00e9 manejarlo cuando llegue\u201d.<\/span><\/p>\n<p data-start=\"1051\" data-end=\"1345\"><span style=\"color: #000000;\">Con m\u00e1s de <strong data-start=\"1062\" data-end=\"1085\">950 goles oficiales<\/strong> y una carrera llena de t\u00edtulos en clubes como el <strong data-start=\"1135\" data-end=\"1202\">Sporting de Portugal, Manchester United, Real Madrid y Juventus<\/strong>, el portugu\u00e9s es considerado uno de los mejores futbolistas de todos los tiempos. Actualmente tiene contrato con el Al Nassr hasta <strong data-start=\"1334\" data-end=\"1342\">2027<\/strong>.<\/span><\/p>\n<p data-start=\"1347\" data-end=\"1636\"><span style=\"color: #000000;\">El capit\u00e1n de la selecci\u00f3n lusa expres\u00f3 su deseo de dedicar m\u00e1s tiempo a su familia y a sus pasiones fuera del campo. \u201cNada se compara con la emoci\u00f3n de marcar un gol, pero todo tiene su ciclo. Quiero disfrutar m\u00e1s de mis hijos y seguir de cerca el crecimiento de Cristiano Jr.\u201d, se\u00f1al\u00f3.<\/span><\/p>\n<p data-start=\"1638\" data-end=\"1805\"><span style=\"color: #000000;\">Tambi\u00e9n mencion\u00f3 su afici\u00f3n por el <strong data-start=\"1673\" data-end=\"1682\">p\u00e1del<\/strong>, deporte que practica junto a sus amigos. \u201cNos est\u00e1 yendo bastante bien, lo hacemos por diversi\u00f3n\u201d, coment\u00f3 entre risas.<\/span><\/p>\n<p data-start=\"1807\" data-end=\"1991\"><span style=\"color: #000000;\">A lo largo de su trayectoria, Ronaldo ha ganado <strong data-start=\"1855\" data-end=\"1879\">cinco Balones de Oro<\/strong>, m\u00faltiples t\u00edtulos de liga y <strong data-start=\"1909\" data-end=\"1935\">cinco Champions League<\/strong>, consolid\u00e1ndose como una leyenda del deporte mundial.<\/span><\/p>\n<\/div>\n<\/div>\n<\/div>\n<\/div>\n","protected":false},"excerpt":{"rendered":"<p>Cristiano Ronaldo habla sobre su futuro y adelanta su retiro del f\u00fatbol profesional \u26bd\ud83c\uddf5\ud83c\uddf9 El delantero portugu\u00e9s Cristiano Ronaldo comparti\u00f3 que su retiro del f\u00fatbol podr\u00eda estar m\u00e1s cerca de lo que muchos imaginan. En una conversaci\u00f3n con el periodista brit\u00e1nico Piers Morgan, publicada en YouTube, el jugador del Al Nassr de Arabia Saudita reflexion\u00f3 sobre el final de su carrera y los nuevos cap\u00edtulos que planea para su vida. \u201cSer\u00e1 pronto, pero estoy preparado para ello\u201d, coment\u00f3 el astro de 40 a\u00f1os, reconociendo que dejar el f\u00fatbol no ser\u00e1 una etapa f\u00e1cil. \u201cProbablemente llorar\u00e9, porque soy una persona muy&#8230;<\/p>\n","protected":false},"author":4,"featured_media":14475,"comment_status":"open","ping_status":"open","sticky":false,"template":"","format":"standard","meta":{"_acf_changed":false,"footnotes":""},"categories":[34],"tags":[],"class_list":["post-14808","post","type-post","status-publish","format-standard","has-post-thumbnail","hentry","category-deportes"],"acf":[],"aioseo_notices":[],"_links":{"self":[{"href":"https:\/\/colosalinforma.com\/inicio\/wp-json\/wp\/v2\/posts\/14808","targetHints":{"allow":["GET"]}}],"collection":[{"href":"https:\/\/colosalinforma.com\/inicio\/wp-json\/wp\/v2\/posts"}],"about":[{"href":"https:\/\/colosalinforma.com\/inicio\/wp-json\/wp\/v2\/types\/post"}],"author":[{"embeddable":true,"href":"https:\/\/colosalinforma.com\/inicio\/wp-json\/wp\/v2\/users\/4"}],"replies":[{"embeddable":true,"href":"https:\/\/colosalinforma.com\/inicio\/wp-json\/wp\/v2\/comments?post=14808"}],"version-history":[{"count":1,"href":"https:\/\/colosalinforma.com\/inicio\/wp-json\/wp\/v2\/posts\/14808\/revisions"}],"predecessor-version":[{"id":14811,"href":"https:\/\/colosalinforma.com\/inicio\/wp-json\/wp\/v2\/posts\/14808\/revisions\/14811"}],"wp:featuredmedia":[{"embeddable":true,"href":"https:\/\/colosalinforma.com\/inicio\/wp-json\/wp\/v2\/media\/14475"}],"wp:attachment":[{"href":"https:\/\/colosalinforma.com\/inicio\/wp-json\/wp\/v2\/media?parent=14808"}],"wp:term":[{"taxonomy":"category","embeddable":true,"href":"https:\/\/colosalinforma.com\/inicio\/wp-json\/wp\/v2\/categories?post=14808"},{"taxonomy":"post_tag","embeddable":true,"href":"https:\/\/colosalinforma.com\/inicio\/wp-json\/wp\/v2\/tags?post=14808"}],"curies":[{"name":"wp","href":"https:\/\/api.w.org\/{rel}","templated":true}]}}