{"id":14833,"date":"2025-11-10T08:32:23","date_gmt":"2025-11-10T14:32:23","guid":{"rendered":"https:\/\/colosalinforma.com\/inicio\/?p=14833"},"modified":"2025-11-10T08:32:23","modified_gmt":"2025-11-10T14:32:23","slug":"31-el-saldo-de-muertos-tras-motin-en-carcel-en-ecuador","status":"publish","type":"post","link":"https:\/\/colosalinforma.com\/inicio\/31-el-saldo-de-muertos-tras-motin-en-carcel-en-ecuador\/","title":{"rendered":"31 el saldo de muertos tras mot\u00edn en c\u00e1rcel en Ecuador"},"content":{"rendered":"<div class=\"boldgrid-section\">\n<div class=\"container\">\n<div class=\"row\">\n<div class=\"col-lg-12 col-md-12 col-xs-12 col-sm-12\">\n<p class=\"\"><span style=\"color: #000000;\">Al menos <strong>27 reclusos fueron hallados muertos por asfixia el domingo por la tarde en una c\u00e1rcel del suroeste de Ecuador<\/strong>, donde un <a style=\"color: #000000;\" href=\"https:\/\/www.unotv.com\/internacional\/tiroteo-en-carcel-de-ecuador-deja-saldo-de-4-muertos-y-al-menos-34-heridos\/\">mot\u00edn armado hab\u00eda dejado en la madrugada<\/a> cuatro fallecidos y decenas de heridos, informaron autoridades.<\/span><\/p>\n<p><span style=\"color: #000000;\">Con el hallazgo de la tarde, asciende a 31 el saldo de muertos por la <strong>jornada de violencia en la c\u00e1rcel de Machala<\/strong>, en la provincia de El Oro.<\/span><\/p>\n<div class=\"code-block code-block-1\"><\/div>\n<p><span style=\"color: #000000;\">Las <a style=\"color: #000000;\" href=\"https:\/\/www.unotv.com\/etiquetas\/ecuador-pais-latinoamerica\/\">c\u00e1rceles ecuatorianas<\/a> se han convertido en centros de operaci\u00f3n de bandas de narcotraficantes, con <strong>m\u00e1s de 500 reclusos muertos desde 2021<\/strong>, en enfrentamientos entre grupos que compiten por el control de este lucrativo negocio.<\/span><\/p>\n<p><span style=\"color: #000000;\">En un comunicado, el Servicio Nacional de Atenci\u00f3n Integral a Personas Adultas Privadas de la Libertad (SNAI) asegur\u00f3, sin ofrecer detalles, que las 27 personas halladas muertas durante la tarde <em>\u201c<strong>entre ellos cometieron asfixia<\/strong>, lo que produjo muerte inmediata por<\/em><\/span><\/p>\n<p><span style=\"color: #000000;\">El incidente de la madrugada se desat\u00f3 alrededor de las 03:00 hora local del domingo. Moradores del sector donde se encuentra el penal <strong>grabaron desde los exteriores los sonidos de disparos, explosiones y gritos de auxilio que sal\u00edan del interior<\/strong> del centro de reclusi\u00f3n.<\/span><\/p>\n<div class=\"code-block code-block-8\">\n<div class=\"code-block\"><\/div>\n<div class=\"code-block\"><\/div>\n<\/div>\n<p><span style=\"color: #000000;\">Ante ello, el SNAI inform\u00f3 en un comunicado que <strong>cuatro personas fallecieron durante los disturbios<\/strong>, mientras que 33 reclusos y un polic\u00eda resultaron heridos.<\/span><\/p>\n<div class=\"code-block code-block-18\"><\/div>\n<p><span style=\"color: #000000;\">Equipos de \u00e9lite de la polic\u00eda ingresaron \u201cinmediatamente\u201d al penal y retomaron el control tras el amotinamiento, se\u00f1al\u00f3, y dijo que siete personas fueron capturadas y ser\u00e1n judicializadas.<\/span><\/p>\n<p><span style=\"color: #000000;\">Seg\u00fan el SNAI, estos <strong>enfrentamientos se debieron a <em>\u201cuna reorganizaci\u00f3n\u201d<\/em> de algunos reclusos \u201cen la nueva c\u00e1rcel de m\u00e1xima seguridad\u201d<\/strong> construida por el gobierno del presidente Daniel Noboa en la provincia costera de Santa Elena, cuya inauguraci\u00f3n se espera para este mes.<\/span><\/p>\n<h2 id=\"h-muertos-por-asfixia\" class=\"wp-block-heading\"><span style=\"color: #000000;\">Muertos por asfixia<\/span><\/h2>\n<p><span style=\"color: #000000;\">Horas m\u00e1s tarde, la autoridad penitenciaria anunci\u00f3 el hallazgo de otros 27 cad\u00e1veres de personas que murieron por asfixia en <em>\u201cun suceso distinto al ocurrido en horas de la ma\u00f1ana\u201d<\/em>. <em>\u201cEquipos operativos y personal m\u00e9dico forense contin\u00faan trabajando en el lugar\u201d<\/em>, agreg\u00f3 el servicio en un comunicado pasadas las 21:00 hora local.<\/span><\/p>\n<p><span style=\"color: #000000;\">A finales de septiembre, <strong>otra confrontaci\u00f3n armada en esa misma c\u00e1rcel caus\u00f3 14 muertes<\/strong>, entre ellas la de un funcionario penitenciario.<\/span><\/p>\n<p><span style=\"color: #000000;\">En 2024 los militares tomaron el control de las c\u00e1rceles del pa\u00eds por orden de Noboa, quien declar\u00f3 al pa\u00eds en un conflicto armado interno. Sin embargo, en agosto de este a\u00f1o, ocho de ellas, incluida la de Machala, fueron traspasadas a la polic\u00eda.<\/span><\/p>\n<p class=\"\"><span style=\"color: #000000;\">La <strong>mayor matanza carcelaria en Ecuador se produjo en 2021, cuando m\u00e1s de un centenar de reclusos fueron asesinados<\/strong> en una penitenciar\u00eda de Guayaquil. En \u00e9sta, los presos llegaron a transmitir en vivo y por redes sociales los cruentos enfrentamientos, con cuerpos decapitados e incinerados.<\/span><\/p>\n<\/div>\n<\/div>\n<\/div>\n<\/div>\n","protected":false},"excerpt":{"rendered":"<p>Al menos 27 reclusos fueron hallados muertos por asfixia el domingo por la tarde en una c\u00e1rcel del suroeste de Ecuador, donde un mot\u00edn armado hab\u00eda dejado en la madrugada cuatro fallecidos y decenas de heridos, informaron autoridades. Con el hallazgo de la tarde, asciende a 31 el saldo de muertos por la jornada de violencia en la c\u00e1rcel de Machala, en la provincia de El Oro. Las c\u00e1rceles ecuatorianas se han convertido en centros de operaci\u00f3n de bandas de narcotraficantes, con m\u00e1s de 500 reclusos muertos desde 2021, en enfrentamientos entre grupos que compiten por el control de este&#8230;<\/p>\n","protected":false},"author":4,"featured_media":14836,"comment_status":"open","ping_status":"open","sticky":false,"template":"","format":"standard","meta":{"_acf_changed":false,"footnotes":""},"categories":[33],"tags":[],"class_list":["post-14833","post","type-post","status-publish","format-standard","has-post-thumbnail","hentry","category-internacionales"],"acf":[],"aioseo_notices":[],"_links":{"self":[{"href":"https:\/\/colosalinforma.com\/inicio\/wp-json\/wp\/v2\/posts\/14833","targetHints":{"allow":["GET"]}}],"collection":[{"href":"https:\/\/colosalinforma.com\/inicio\/wp-json\/wp\/v2\/posts"}],"about":[{"href":"https:\/\/colosalinforma.com\/inicio\/wp-json\/wp\/v2\/types\/post"}],"author":[{"embeddable":true,"href":"https:\/\/colosalinforma.com\/inicio\/wp-json\/wp\/v2\/users\/4"}],"replies":[{"embeddable":true,"href":"https:\/\/colosalinforma.com\/inicio\/wp-json\/wp\/v2\/comments?post=14833"}],"version-history":[{"count":1,"href":"https:\/\/colosalinforma.com\/inicio\/wp-json\/wp\/v2\/posts\/14833\/revisions"}],"predecessor-version":[{"id":14837,"href":"https:\/\/colosalinforma.com\/inicio\/wp-json\/wp\/v2\/posts\/14833\/revisions\/14837"}],"wp:featuredmedia":[{"embeddable":true,"href":"https:\/\/colosalinforma.com\/inicio\/wp-json\/wp\/v2\/media\/14836"}],"wp:attachment":[{"href":"https:\/\/colosalinforma.com\/inicio\/wp-json\/wp\/v2\/media?parent=14833"}],"wp:term":[{"taxonomy":"category","embeddable":true,"href":"https:\/\/colosalinforma.com\/inicio\/wp-json\/wp\/v2\/categories?post=14833"},{"taxonomy":"post_tag","embeddable":true,"href":"https:\/\/colosalinforma.com\/inicio\/wp-json\/wp\/v2\/tags?post=14833"}],"curies":[{"name":"wp","href":"https:\/\/api.w.org\/{rel}","templated":true}]}}