{"id":14989,"date":"2025-11-18T08:32:45","date_gmt":"2025-11-18T14:32:45","guid":{"rendered":"https:\/\/colosalinforma.com\/inicio\/?p=14989"},"modified":"2025-11-18T08:32:45","modified_gmt":"2025-11-18T14:32:45","slug":"maduro-se-mantiene-dispuesto-a-dialogar-con-trump","status":"publish","type":"post","link":"https:\/\/colosalinforma.com\/inicio\/maduro-se-mantiene-dispuesto-a-dialogar-con-trump\/","title":{"rendered":"Maduro se mantiene dispuesto a dialogar con Trump"},"content":{"rendered":"<div class=\"boldgrid-section\">\n<div class=\"container\">\n<div class=\"row\">\n<div class=\"col-lg-12 col-md-12 col-xs-12 col-sm-12\">\n<p><span style=\"color: #000000;\"><strong>El presidente de Venezuela, Nicol\u00e1s Maduro, afirm\u00f3 este lunes que su gobierno mantiene la posici\u00f3n de dialogar \u201ccara a cara\u201d con el presidente estadounidense Donald Trump<\/strong>. Por su parte, m\u00e1s temprano, el presidente estadounidense afirm\u00f3 que <em>\u201cen alg\u00fan momento\u201d<\/em> hablar\u00eda con su par venezolano.<\/span><\/p>\n<p><span style=\"color: #000000;\">En septiembre, <strong>Maduro invit\u00f3 a Trump a \u201cpreservar la paz con di\u00e1logo\u201d en una carta en medio del despliegue militar ordenado por el l\u00edder republicano en el Caribe. La propuesta fue rechazada por Washington<\/strong>, desde donde se le acusa de encabezar redes de narcotr\u00e1fico.<\/span><\/p>\n<div class=\"code-block code-block-1\"><\/div>\n<p><span style=\"color: #000000;\">\u201cEste pa\u00eds est\u00e1 en paz, este pa\u00eds va a continuar en paz y en Estados Unidos, el que quiera hablar con Venezuela, se hablar\u00e1, \u2018face to face\u2019, cara a cara, sin ning\u00fan problema\u201d, <strong>dijo el mandatario durante su programa semanal de televisi\u00f3n Con Maduro.<\/strong><\/span><\/p>\n<blockquote class=\"wp-block-quote is-layout-flow wp-block-quote-is-layout-flow\"><p><span style=\"color: #000000;\">\u201cYo lo he dicho en ingl\u00e9s, y lo repito siempre. Di\u00e1logo. \u00bfC\u00f3mo se dice di\u00e1logo en ingl\u00e9s? Di\u00e1logo, di\u00e1logo, di\u00e1logo, di\u00e1logo, di\u00e1logo\u2026 Yes, peace, war no, never, never war (S\u00ed, paz, guerra no, nunca, nunca guerra).\u201d<\/span><\/p><\/blockquote>\n<p><span style=\"color: #000000;\">El mandatario izquierdista se\u00f1al\u00f3 que, adem\u00e1s, <strong>quiere que el presidente Trump cometa el error m\u00e1s grave de toda su vida y se meta militarmente contra Venezuela pues, como Maduro lo mencion\u00f3, eso \u201cser\u00eda el fin pol\u00edtico de su liderazgo.\u201d<\/strong><\/span><\/p>\n<p><span style=\"color: #000000;\">En medio de los bombardeos estadounidenses en el Caribe y el Pac\u00edfico contra lanchas que seg\u00fan Washington transportan drogas, <strong>Trump fue interrogado por reporteros en la Oficina Oval sobre su ofensiva contra el narcotr\u00e1fico.<\/strong><\/span><\/p>\n<div class=\"code-block code-block-8\">\n<div class=\"code-block\"><\/div>\n<div class=\"code-block\"><\/div>\n<\/div>\n<p><span style=\"color: #000000;\">\u201cEn alg\u00fan momento, hablar\u00e9 con \u00e9l\u201d, declar\u00f3 Trump a\u00a0periodistas este lunes. Asimismo, a\u00f1adi\u00f3 que \u201cMaduro no ha sido bueno para Estados Unidos\u201d y que <strong>no descarta mandar tropas militares a Venezuela.<\/strong><\/span><\/p>\n<div class=\"code-block code-block-18\"><\/div>\n<p class=\"\"><span style=\"color: #000000;\">Desde el 2 de septiembre, Estados Unidos acumula una veintena de ataques a embarcaciones en el Caribe y el Pac\u00edfico con al menos 83 muertos. Venezuela ha denunciado estos bombardeos como \u201cejecuciones extrajudiciales\u201d.<\/span><\/p>\n<\/div>\n<\/div>\n<\/div>\n<\/div>\n","protected":false},"excerpt":{"rendered":"<p>El presidente de Venezuela, Nicol\u00e1s Maduro, afirm\u00f3 este lunes que su gobierno mantiene la posici\u00f3n de dialogar \u201ccara a cara\u201d con el presidente estadounidense Donald Trump. Por su parte, m\u00e1s temprano, el presidente estadounidense afirm\u00f3 que \u201cen alg\u00fan momento\u201d hablar\u00eda con su par venezolano. En septiembre, Maduro invit\u00f3 a Trump a \u201cpreservar la paz con di\u00e1logo\u201d en una carta en medio del despliegue militar ordenado por el l\u00edder republicano en el Caribe. La propuesta fue rechazada por Washington, desde donde se le acusa de encabezar redes de narcotr\u00e1fico. \u201cEste pa\u00eds est\u00e1 en paz, este pa\u00eds va a continuar en paz&#8230;<\/p>\n","protected":false},"author":4,"featured_media":13751,"comment_status":"open","ping_status":"open","sticky":false,"template":"","format":"standard","meta":{"_acf_changed":false,"footnotes":""},"categories":[33],"tags":[],"class_list":["post-14989","post","type-post","status-publish","format-standard","has-post-thumbnail","hentry","category-internacionales"],"acf":[],"aioseo_notices":[],"_links":{"self":[{"href":"https:\/\/colosalinforma.com\/inicio\/wp-json\/wp\/v2\/posts\/14989","targetHints":{"allow":["GET"]}}],"collection":[{"href":"https:\/\/colosalinforma.com\/inicio\/wp-json\/wp\/v2\/posts"}],"about":[{"href":"https:\/\/colosalinforma.com\/inicio\/wp-json\/wp\/v2\/types\/post"}],"author":[{"embeddable":true,"href":"https:\/\/colosalinforma.com\/inicio\/wp-json\/wp\/v2\/users\/4"}],"replies":[{"embeddable":true,"href":"https:\/\/colosalinforma.com\/inicio\/wp-json\/wp\/v2\/comments?post=14989"}],"version-history":[{"count":1,"href":"https:\/\/colosalinforma.com\/inicio\/wp-json\/wp\/v2\/posts\/14989\/revisions"}],"predecessor-version":[{"id":14992,"href":"https:\/\/colosalinforma.com\/inicio\/wp-json\/wp\/v2\/posts\/14989\/revisions\/14992"}],"wp:featuredmedia":[{"embeddable":true,"href":"https:\/\/colosalinforma.com\/inicio\/wp-json\/wp\/v2\/media\/13751"}],"wp:attachment":[{"href":"https:\/\/colosalinforma.com\/inicio\/wp-json\/wp\/v2\/media?parent=14989"}],"wp:term":[{"taxonomy":"category","embeddable":true,"href":"https:\/\/colosalinforma.com\/inicio\/wp-json\/wp\/v2\/categories?post=14989"},{"taxonomy":"post_tag","embeddable":true,"href":"https:\/\/colosalinforma.com\/inicio\/wp-json\/wp\/v2\/tags?post=14989"}],"curies":[{"name":"wp","href":"https:\/\/api.w.org\/{rel}","templated":true}]}}