{"id":14993,"date":"2025-11-18T08:35:15","date_gmt":"2025-11-18T14:35:15","guid":{"rendered":"https:\/\/colosalinforma.com\/inicio\/?p=14993"},"modified":"2025-11-18T08:35:15","modified_gmt":"2025-11-18T14:35:15","slug":"el-barcelona-regresa-al-camp-nou","status":"publish","type":"post","link":"https:\/\/colosalinforma.com\/inicio\/el-barcelona-regresa-al-camp-nou\/","title":{"rendered":"El Barcelona regresa al Camp Nou"},"content":{"rendered":"<div class=\"boldgrid-section\">\n<div class=\"container\">\n<div class=\"row\">\n<div class=\"col-lg-12 col-md-12 col-xs-12 col-sm-12\">\n<p><span style=\"color: #000000;\">El <strong>FC Barcelona <\/strong>confirm\u00f3 la reapertura del <strong>Camp Nou <\/strong>mediante un comunicado este lunes, en el que detall\u00f3 que el retorno ser\u00e1 posible tras obtener la licencia de primera ocupaci\u00f3n de la <strong>Fase 1B. <\/strong><\/span><\/p>\n<p><span style=\"color: #000000;\">La autorizaci\u00f3n permite ampliar el aforo hasta 45 mil 401 espectadores, esta fase se suma a la 1A, ya aprobada previamente, que contemplaba las zonas de <strong>Tribuna y Gol Sur.<\/strong><\/span><\/p>\n<div class=\"code-block code-block-1\"><\/div>\n<p><span style=\"color: #000000;\">El equipo volver\u00e1 a competir oficialmente en el <strong>Camp Nou<\/strong> el pr\u00f3ximo s\u00e1bado 22 de noviembre, cuando reciba al <strong>Athletic Club<\/strong> en la jornada 13 de <strong>LaLiga.<\/strong><\/span><\/p>\n<figure class=\"wp-block-embed is-type-rich is-provider-twitter wp-block-embed-twitter\">\n<div class=\"wp-block-embed__wrapper\">\n<div class=\"amx-core-embed-social\">\n<div class=\"twitter-tweet twitter-tweet-rendered\"><iframe id=\"twitter-widget-0\" class=\"\" title=\"X Post\" src=\"https:\/\/platform.twitter.com\/embed\/Tweet.html?creatorScreenName=unonoticias&dnt=true&embedId=twitter-widget-0&features=eyJ0ZndfdGltZWxpbmVfbGlzdCI6eyJidWNrZXQiOltdLCJ2ZXJzaW9uIjpudWxsfSwidGZ3X2ZvbGxvd2VyX2NvdW50X3N1bnNldCI6eyJidWNrZXQiOnRydWUsInZlcnNpb24iOm51bGx9LCJ0ZndfdHdlZXRfZWRpdF9iYWNrZW5kIjp7ImJ1Y2tldCI6Im9uIiwidmVyc2lvbiI6bnVsbH0sInRmd19yZWZzcmNfc2Vzc2lvbiI6eyJidWNrZXQiOiJvbiIsInZlcnNpb24iOm51bGx9LCJ0ZndfZm9zbnJfc29mdF9pbnRlcnZlbnRpb25zX2VuYWJsZWQiOnsiYnVja2V0Ijoib24iLCJ2ZXJzaW9uIjpudWxsfSwidGZ3X21peGVkX21lZGlhXzE1ODk3Ijp7ImJ1Y2tldCI6InRyZWF0bWVudCIsInZlcnNpb24iOm51bGx9LCJ0ZndfZXhwZXJpbWVudHNfY29va2llX2V4cGlyYXRpb24iOnsiYnVja2V0IjoxMjA5NjAwLCJ2ZXJzaW9uIjpudWxsfSwidGZ3X3Nob3dfYmlyZHdhdGNoX3Bpdm90c19lbmFibGVkIjp7ImJ1Y2tldCI6Im9uIiwidmVyc2lvbiI6bnVsbH0sInRmd19kdXBsaWNhdGVfc2NyaWJlc190b19zZXR0aW5ncyI6eyJidWNrZXQiOiJvbiIsInZlcnNpb24iOm51bGx9LCJ0ZndfdXNlX3Byb2ZpbGVfaW1hZ2Vfc2hhcGVfZW5hYmxlZCI6eyJidWNrZXQiOiJvbiIsInZlcnNpb24iOm51bGx9LCJ0ZndfdmlkZW9faGxzX2R5bmFtaWNfbWFuaWZlc3RzXzE1MDgyIjp7ImJ1Y2tldCI6InRydWVfYml0cmF0ZSIsInZlcnNpb24iOm51bGx9LCJ0ZndfbGVnYWN5X3RpbWVsaW5lX3N1bnNldCI6eyJidWNrZXQiOnRydWUsInZlcnNpb24iOm51bGx9LCJ0ZndfdHdlZXRfZWRpdF9mcm9udGVuZCI6eyJidWNrZXQiOiJvbiIsInZlcnNpb24iOm51bGx9fQ%3D%3D&frame=false&hideCard=false&hideThread=false&id=1990418573462761494&lang=es&origin=https%3A%2F%2Fwww.unotv.com%2Fdeportes%2Fel-barcelona-regresa-al-camp-nou-la-reapertura-sera-ante-el-athletic-club%2F&sessionId=578e7088c29a16639e345aca33255698456efe8b&siteScreenName=unonoticias&theme=light&widgetsVersion=2615f7e52b7e0%3A1702314776716&width=500px\" frameborder=\"0\" scrolling=\"no\" allowfullscreen=\"allowfullscreen\" data-tweet-id=\"1990418573462761494\" data-mce-fragment=\"1\"><\/iframe><\/div>\n<\/div>\n<\/div>\n<\/figure>\n<p><span style=\"color: #000000;\">La instituci\u00f3n azulgrana explic\u00f3 que contin\u00faa trabajando en la <strong>Fase 1C<\/strong>, destinada a habilitar completamente el <strong>Gol Norte<\/strong>, con el objetivo de asegurar todas las condiciones operativas, de seguridad y de confort para los aficionados.\u00a0<\/span><\/p>\n<div class=\"code-block code-block-2\">\n<div class=\"truvidPos\"><\/div>\n<\/div>\n<p><span style=\"color: #000000;\">Adem\u00e1s, el club inform\u00f3 que mantiene conversaciones con la <strong>UEFA <\/strong>para disputar en el <strong>Camp Nou<\/strong> el partido de <strong>Champions League<\/strong> ante el <strong>Eintracht Frankfurt<\/strong>, a la espera de una confirmaci\u00f3n definitiva, pues consideran que ya cumplen los requisitos necesarios.<\/span><\/p>\n<h2 id=\"h-mejoras-y-novedades-del-renovado-camp-nou\" class=\"wp-block-heading\"><span style=\"color: #000000;\">Mejoras y novedades del renovado Camp Nou<\/span><\/h2>\n<p><span style=\"color: #000000;\">El regreso del Bar\u00e7a se sustenta en las mejoras logradas durante las fases de obra ya aprobadas. Entre ellas destacan:<\/span><\/p>\n<div class=\"code-block code-block-18\"><\/div>\n<ul class=\"wp-block-list\">\n<li><span style=\"color: #000000;\">Nueva capacidad autorizada para m\u00e1s de 45 mil aficionados.<\/span><\/li>\n<li><span style=\"color: #000000;\">129 posiciones habilitadas para personas con movilidad reducida.<\/span><\/li>\n<li><span style=\"color: #000000;\">Creaci\u00f3n de espacios de confort, \u00e1reas renovadas para el p\u00fablico y adecuaciones generales.<\/span><\/li>\n<li><span style=\"color: #000000;\">Un nuevo t\u00fanel de acceso para jugadores y vestuarios completamente renovados para ambos equipos.<\/span><\/li>\n<\/ul>\n<p><span style=\"color: #000000;\">En materia de seguridad, el estadio incorpora nuevos accesos, un mayor n\u00famero de v\u00edas de evacuaci\u00f3n, m\u00e1s barandillas y sistemas de rociadores y extinci\u00f3n autom\u00e1tica.<\/span><\/p>\n<p><span style=\"color: #000000;\">A nivel operativo, tambi\u00e9n se integraron p\u00f3rticos de acceso y <strong>sistemas de ticketing <\/strong>que permitir\u00e1n compatibilizar la actividad del estadio con las obras que a\u00fan contin\u00faan en curso.<\/span><\/p>\n<blockquote class=\"wp-block-quote is-layout-flow wp-block-quote-is-layout-flow\"><p><span style=\"color: #000000;\">\u201cCon todas estas novedades y con la licencia de ocupaci\u00f3n de la Fase 1A y 1B ya concedida, el FC Barcelona celebra poder volver a competir en su estadio\u201d,<\/span><\/p>\n<p><span style=\"color: #000000;\"><cite>se\u00f1ala el comunicado del club.<\/cite><\/span><\/p><\/blockquote>\n<h2 id=\"h-una-reapertura-esperada-tras-mas-de-dos-anos-de-obras\" class=\"wp-block-heading\"><span style=\"color: #000000;\">Una reapertura esperada tras m\u00e1s de dos a\u00f1os de obras<\/span><\/h2>\n<p><span style=\"color: #000000;\">El regreso del <strong>Barcelona <\/strong>al <strong>Camp Nou <\/strong>ocurre despu\u00e9s de m\u00e1s de dos a\u00f1os de trabajos y retrasos respecto a las fechas iniciales; el pasado 7 de noviembre, el estadio recibi\u00f3 p\u00fablico por primera vez desde 2023, cuando 23 mil personas asistieron a un entrenamiento abierto.<\/span><\/p>\n<p class=\"\"><span style=\"color: #000000;\">Ese d\u00eda, <strong>Joan Laporta <\/strong>expres\u00f3 su emoci\u00f3n asegurando que el nuevo estadio representa \u201c<em>el sue\u00f1o colectivo del barcelonismo\u201d.<\/em><\/span><\/p>\n<\/div>\n<\/div>\n<\/div>\n<\/div>\n","protected":false},"excerpt":{"rendered":"<p>El FC Barcelona confirm\u00f3 la reapertura del Camp Nou mediante un comunicado este lunes, en el que detall\u00f3 que el retorno ser\u00e1 posible tras obtener la licencia de primera ocupaci\u00f3n de la Fase 1B. La autorizaci\u00f3n permite ampliar el aforo hasta 45 mil 401 espectadores, esta fase se suma a la 1A, ya aprobada previamente, que contemplaba las zonas de Tribuna y Gol Sur. El equipo volver\u00e1 a competir oficialmente en el Camp Nou el pr\u00f3ximo s\u00e1bado 22 de noviembre, cuando reciba al Athletic Club en la jornada 13 de LaLiga. La instituci\u00f3n azulgrana explic\u00f3 que contin\u00faa trabajando en la&#8230;<\/p>\n","protected":false},"author":4,"featured_media":14996,"comment_status":"open","ping_status":"open","sticky":false,"template":"","format":"standard","meta":{"_acf_changed":false,"footnotes":""},"categories":[34],"tags":[],"class_list":["post-14993","post","type-post","status-publish","format-standard","has-post-thumbnail","hentry","category-deportes"],"acf":[],"aioseo_notices":[],"_links":{"self":[{"href":"https:\/\/colosalinforma.com\/inicio\/wp-json\/wp\/v2\/posts\/14993","targetHints":{"allow":["GET"]}}],"collection":[{"href":"https:\/\/colosalinforma.com\/inicio\/wp-json\/wp\/v2\/posts"}],"about":[{"href":"https:\/\/colosalinforma.com\/inicio\/wp-json\/wp\/v2\/types\/post"}],"author":[{"embeddable":true,"href":"https:\/\/colosalinforma.com\/inicio\/wp-json\/wp\/v2\/users\/4"}],"replies":[{"embeddable":true,"href":"https:\/\/colosalinforma.com\/inicio\/wp-json\/wp\/v2\/comments?post=14993"}],"version-history":[{"count":1,"href":"https:\/\/colosalinforma.com\/inicio\/wp-json\/wp\/v2\/posts\/14993\/revisions"}],"predecessor-version":[{"id":14997,"href":"https:\/\/colosalinforma.com\/inicio\/wp-json\/wp\/v2\/posts\/14993\/revisions\/14997"}],"wp:featuredmedia":[{"embeddable":true,"href":"https:\/\/colosalinforma.com\/inicio\/wp-json\/wp\/v2\/media\/14996"}],"wp:attachment":[{"href":"https:\/\/colosalinforma.com\/inicio\/wp-json\/wp\/v2\/media?parent=14993"}],"wp:term":[{"taxonomy":"category","embeddable":true,"href":"https:\/\/colosalinforma.com\/inicio\/wp-json\/wp\/v2\/categories?post=14993"},{"taxonomy":"post_tag","embeddable":true,"href":"https:\/\/colosalinforma.com\/inicio\/wp-json\/wp\/v2\/tags?post=14993"}],"curies":[{"name":"wp","href":"https:\/\/api.w.org\/{rel}","templated":true}]}}