{"id":14998,"date":"2025-11-18T08:37:04","date_gmt":"2025-11-18T14:37:04","guid":{"rendered":"https:\/\/colosalinforma.com\/inicio\/?p=14998"},"modified":"2025-11-18T08:37:04","modified_gmt":"2025-11-18T14:37:04","slug":"cristiano-ronaldo-jugara-su-sexto-mundial","status":"publish","type":"post","link":"https:\/\/colosalinforma.com\/inicio\/cristiano-ronaldo-jugara-su-sexto-mundial\/","title":{"rendered":"Cristiano Ronaldo jugar\u00e1 su sexto Mundial"},"content":{"rendered":"<div class=\"boldgrid-section\">\n<div class=\"container\">\n<div class=\"row\">\n<div class=\"col-lg-12 col-md-12 col-xs-12 col-sm-12\">\n<p><span style=\"color: #000000;\"><strong>Cristiano Ronaldo<\/strong> se dirige al <strong>Mundial 2026,<\/strong> luego de que <strong>Portugal<\/strong> se clasific\u00f3 para la siguiente<strong> Copa del Mundo<\/strong> al aplastar <strong>9-1 a Armenia este domingo en Oporto<\/strong>, mientras que en el otro encuentro del grupo F, Irlanda venci\u00f3 3-2 en Hungr\u00eda, logrando el acceso al repechaje.<\/span><\/p>\n<p><span style=\"color: #000000;\">Sin <strong>Cristiano Ronaldo<\/strong> en este \u00faltimo partido debido a que cumpli\u00f3 una suspensi\u00f3n, <strong>Portugal <\/strong>se asegur\u00f3 de que <strong>CR7<\/strong> tuviera la oportunidad de disputar <strong>su sexto mundial<\/strong>, para establecer un r\u00e9cord.<\/span><\/p>\n<div class=\"code-block code-block-1\"><\/div>\n<p><span style=\"color: #000000;\"><strong>Cristiano Ronaldo<\/strong>, cinco veces ganador del <strong>Bal\u00f3n de Oro<\/strong>, tendr\u00e1 <strong>41 a\u00f1os<\/strong> cuando arranque el <strong>Mundial de 2026<\/strong> y ha declarado que ser\u00e1 su <strong>\u00faltima oportunidad<\/strong> para conquistar el \u00fanico gran t\u00edtulo que le falta.<\/span><\/p>\n<figure class=\"wp-block-embed is-type-rich is-provider-twitter wp-block-embed-twitter\">\n<div class=\"wp-block-embed__wrapper\">\n<div class=\"amx-core-embed-social\">\n<div class=\"twitter-tweet twitter-tweet-rendered\"><iframe id=\"twitter-widget-0\" class=\"\" title=\"X Post\" src=\"https:\/\/platform.twitter.com\/embed\/Tweet.html?creatorScreenName=unonoticias&dnt=true&embedId=twitter-widget-0&features=eyJ0ZndfdGltZWxpbmVfbGlzdCI6eyJidWNrZXQiOltdLCJ2ZXJzaW9uIjpudWxsfSwidGZ3X2ZvbGxvd2VyX2NvdW50X3N1bnNldCI6eyJidWNrZXQiOnRydWUsInZlcnNpb24iOm51bGx9LCJ0ZndfdHdlZXRfZWRpdF9iYWNrZW5kIjp7ImJ1Y2tldCI6Im9uIiwidmVyc2lvbiI6bnVsbH0sInRmd19yZWZzcmNfc2Vzc2lvbiI6eyJidWNrZXQiOiJvbiIsInZlcnNpb24iOm51bGx9LCJ0ZndfZm9zbnJfc29mdF9pbnRlcnZlbnRpb25zX2VuYWJsZWQiOnsiYnVja2V0Ijoib24iLCJ2ZXJzaW9uIjpudWxsfSwidGZ3X21peGVkX21lZGlhXzE1ODk3Ijp7ImJ1Y2tldCI6InRyZWF0bWVudCIsInZlcnNpb24iOm51bGx9LCJ0ZndfZXhwZXJpbWVudHNfY29va2llX2V4cGlyYXRpb24iOnsiYnVja2V0IjoxMjA5NjAwLCJ2ZXJzaW9uIjpudWxsfSwidGZ3X3Nob3dfYmlyZHdhdGNoX3Bpdm90c19lbmFibGVkIjp7ImJ1Y2tldCI6Im9uIiwidmVyc2lvbiI6bnVsbH0sInRmd19kdXBsaWNhdGVfc2NyaWJlc190b19zZXR0aW5ncyI6eyJidWNrZXQiOiJvbiIsInZlcnNpb24iOm51bGx9LCJ0ZndfdXNlX3Byb2ZpbGVfaW1hZ2Vfc2hhcGVfZW5hYmxlZCI6eyJidWNrZXQiOiJvbiIsInZlcnNpb24iOm51bGx9LCJ0ZndfdmlkZW9faGxzX2R5bmFtaWNfbWFuaWZlc3RzXzE1MDgyIjp7ImJ1Y2tldCI6InRydWVfYml0cmF0ZSIsInZlcnNpb24iOm51bGx9LCJ0ZndfbGVnYWN5X3RpbWVsaW5lX3N1bnNldCI6eyJidWNrZXQiOnRydWUsInZlcnNpb24iOm51bGx9LCJ0ZndfdHdlZXRfZWRpdF9mcm9udGVuZCI6eyJidWNrZXQiOiJvbiIsInZlcnNpb24iOm51bGx9fQ%3D%3D&frame=false&hideCard=false&hideThread=false&id=1990093371503747155&lang=es&origin=https%3A%2F%2Fwww.unotv.com%2Fdeportes%2Fhistorico-cristiano-ronaldo-jugara-su-sexto-mundial-tras-clasificacion-de-portugal%2F&sessionId=1b9298670ed318d3188993948fc9e6ff1da05275&siteScreenName=unonoticias&theme=light&widgetsVersion=2615f7e52b7e0%3A1702314776716&width=500px\" frameborder=\"0\" scrolling=\"no\" allowfullscreen=\"allowfullscreen\" data-tweet-id=\"1990093371503747155\" data-mce-fragment=\"1\"><\/iframe><\/div>\n<\/div>\n<\/div>\n<\/figure>\n<p><span style=\"color: #000000;\">\u201cEstamos en el Mundial. Vamos con todo Portugal\u201d, escribi\u00f3 el futbolista en sus cuentas de redes sociales.<\/span><\/p>\n<div class=\"code-block code-block-2\">\n<div class=\"truvidPos\"><\/div>\n<\/div>\n<p><span style=\"color: #000000;\">Adem\u00e1s, con este resultado, se confirma que <strong>M\u00e9xico enfrentar\u00e1 a la selecci\u00f3n de Portugal<\/strong>, comandada por\u00a0<strong>Cristiano Ronaldo<\/strong>, jugar\u00e1 en la\u00a0<strong>reinauguraci\u00f3n del Estadio Azteca<\/strong>, ahora llamado\u00a0<strong>Estadio Banorte<\/strong>, en el mes de\u00a0<strong>marzo<\/strong>\u00a0de\u00a0<strong>2026<\/strong>.<\/span><\/p>\n<div class=\"code-block code-block-8\">\n<div class=\"code-block\"><\/div>\n<div class=\"code-block\"><\/div>\n<\/div>\n<figure class=\"wp-block-embed is-provider-instagram wp-block-embed-instagram\">\n<div class=\"wp-block-embed__wrapper\">\n<div class=\"amx-core-embed-social\"><iframe id=\"instagram-embed-0\" class=\"instagram-media instagram-media-rendered\" src=\"https:\/\/www.instagram.com\/p\/DRH_YBJgOGL\/embed\/?cr=1&v=13&rd=https%3A%2F%2Fwww.unotv.com&rp=%2Fdeportes%2Fhistorico-cristiano-ronaldo-jugara-su-sexto-mundial-tras-clasificacion-de-portugal%2F#%7B%22ci%22%3A0%2C%22os%22%3A747%2C%22ls%22%3A192%2C%22le%22%3A555%7D\" height=\"856\" frameborder=\"0\" scrolling=\"no\" allowfullscreen=\"allowfullscreen\" data-instgrm-payload-id=\"instagram-media-payload-0\" data-mce-fragment=\"1\"><\/iframe><\/div>\n<\/div>\n<\/figure>\n<h2 id=\"h-portugal-clasifica-al-mundial-2026\" class=\"wp-block-heading\"><span style=\"color: #000000;\">Portugal clasifica al Mundial 2026<\/span><\/h2>\n<p><span style=\"color: #000000;\"><strong>Portugal<\/strong> se clasific\u00f3 el domingo para el <strong>Mundial de 2026<\/strong> tras golear por 9-1 a Armenia con sendos tripletes de <strong>Bruno Fernandes y Joao Neves<\/strong>.<\/span><\/p>\n<div class=\"code-block code-block-18\"><\/div>\n<p><span style=\"color: #000000;\">Los vigentes campeones de la Liga de Naciones se vieron obligados a esperar para obtener el pase autom\u00e1tico tras perder el jueves por 2-0 ante Irlanda, en un partido en el que su capit\u00e1n,<strong> Cristiano Ronaldo<\/strong>, fue expulsado.<\/span><\/p>\n<p><span style=\"color: #000000;\">Pero el equipo de <strong>Roberto Mart\u00ednez<\/strong> no necesit\u00f3 la ayuda de su m\u00e1ximo goleador de todos los tiempos en un partido desigual que le asegur\u00f3 el primer puesto del <strong>Grupo F <\/strong>con 13 puntos.<\/span><\/p>\n<\/div>\n<\/div>\n<\/div>\n<\/div>\n","protected":false},"excerpt":{"rendered":"<p>Cristiano Ronaldo se dirige al Mundial 2026, luego de que Portugal se clasific\u00f3 para la siguiente Copa del Mundo al aplastar 9-1 a Armenia este domingo en Oporto, mientras que en el otro encuentro del grupo F, Irlanda venci\u00f3 3-2 en Hungr\u00eda, logrando el acceso al repechaje. Sin Cristiano Ronaldo en este \u00faltimo partido debido a que cumpli\u00f3 una suspensi\u00f3n, Portugal se asegur\u00f3 de que CR7 tuviera la oportunidad de disputar su sexto mundial, para establecer un r\u00e9cord. Cristiano Ronaldo, cinco veces ganador del Bal\u00f3n de Oro, tendr\u00e1 41 a\u00f1os cuando arranque el Mundial de 2026 y ha declarado que&#8230;<\/p>\n","protected":false},"author":4,"featured_media":14475,"comment_status":"open","ping_status":"open","sticky":false,"template":"","format":"standard","meta":{"_acf_changed":false,"footnotes":""},"categories":[34],"tags":[],"class_list":["post-14998","post","type-post","status-publish","format-standard","has-post-thumbnail","hentry","category-deportes"],"acf":[],"aioseo_notices":[],"_links":{"self":[{"href":"https:\/\/colosalinforma.com\/inicio\/wp-json\/wp\/v2\/posts\/14998","targetHints":{"allow":["GET"]}}],"collection":[{"href":"https:\/\/colosalinforma.com\/inicio\/wp-json\/wp\/v2\/posts"}],"about":[{"href":"https:\/\/colosalinforma.com\/inicio\/wp-json\/wp\/v2\/types\/post"}],"author":[{"embeddable":true,"href":"https:\/\/colosalinforma.com\/inicio\/wp-json\/wp\/v2\/users\/4"}],"replies":[{"embeddable":true,"href":"https:\/\/colosalinforma.com\/inicio\/wp-json\/wp\/v2\/comments?post=14998"}],"version-history":[{"count":1,"href":"https:\/\/colosalinforma.com\/inicio\/wp-json\/wp\/v2\/posts\/14998\/revisions"}],"predecessor-version":[{"id":15001,"href":"https:\/\/colosalinforma.com\/inicio\/wp-json\/wp\/v2\/posts\/14998\/revisions\/15001"}],"wp:featuredmedia":[{"embeddable":true,"href":"https:\/\/colosalinforma.com\/inicio\/wp-json\/wp\/v2\/media\/14475"}],"wp:attachment":[{"href":"https:\/\/colosalinforma.com\/inicio\/wp-json\/wp\/v2\/media?parent=14998"}],"wp:term":[{"taxonomy":"category","embeddable":true,"href":"https:\/\/colosalinforma.com\/inicio\/wp-json\/wp\/v2\/categories?post=14998"},{"taxonomy":"post_tag","embeddable":true,"href":"https:\/\/colosalinforma.com\/inicio\/wp-json\/wp\/v2\/tags?post=14998"}],"curies":[{"name":"wp","href":"https:\/\/api.w.org\/{rel}","templated":true}]}}