{"id":15035,"date":"2025-11-21T17:04:52","date_gmt":"2025-11-21T23:04:52","guid":{"rendered":"https:\/\/colosalinforma.com\/inicio\/?p=15035"},"modified":"2025-11-21T17:04:52","modified_gmt":"2025-11-21T23:04:52","slug":"mexicanos-celebran-triunfo-de-fatima-bosch-en-miss-universo-y-alaban-su-valentia-por-levantar-la-voz","status":"publish","type":"post","link":"https:\/\/colosalinforma.com\/inicio\/mexicanos-celebran-triunfo-de-fatima-bosch-en-miss-universo-y-alaban-su-valentia-por-levantar-la-voz\/","title":{"rendered":"Mexicanos celebran triunfo de F\u00e1tima Bosch en Miss Universo y alaban su valent\u00eda por levantar la voz"},"content":{"rendered":"<h4>El triunfo de la <span class=\"LinkEnhancement\">tabasque\u00f1a F\u00e1tima Bosch<\/span>, que se coron\u00f3 como la cuarta Miss Universo de M\u00e9xico, fue celebrado el viernes por sus compatriotas y en particular por la presidenta Claudia Sheinbaum, que elogi\u00f3 su valent\u00eda al levantar la voz contra el maltrato de uno de los organizadores durante el certamen.<\/h4>\n<p><span style=\"color: #000000;\">\u201cMuchas felicidades\u201d, dijo Sheinbaum en su habitual conferencia matutina al ser consultada sobre la victoria de Bosch en la \u00faltima edici\u00f3n del certamen de belleza que se realiz\u00f3 en Tailandia.<\/span><\/p>\n<p><span style=\"color: #000000;\">Bosch, de 25 a\u00f1os, protest\u00f3 hace d\u00edas por el trato de Nawat Itsaragrisil, director del comit\u00e9 organizador de Miss Universo Tailandia y presidente de Miss Grand International.<\/span><\/p>\n<p><span style=\"color: #000000;\">El presidente de la Organizaci\u00f3n Miss Universo, Ra\u00fal Rocha \u2014quien es mexicano\u2014 se pronunci\u00f3 en contra de la actitud de Itsaragrisil y Sheinbaum reconoci\u00f3 p\u00fablicamente a la mexicana por no quedarse callada. Bosch tambi\u00e9n recibi\u00f3 el apoyo de otras concursantes y se mantuvo en la competencia hasta la gran final.<\/span><\/p>\n<p><span style=\"color: #000000;\">En la competici\u00f3n de este a\u00f1o tambi\u00e9n se produjo la renuncia de dos jueces y uno de ellos sugiri\u00f3 que exist\u00eda alg\u00fan tipo de manipulaci\u00f3n en el concurso. La acusaci\u00f3n fue negada. Por otra parte, la polic\u00eda tailandesa investig\u00f3 la supuesta promoci\u00f3n ilegal de casinos en l\u00ednea como parte de la publicidad del evento.<\/span><\/p>\n<p><span style=\"color: #000000;\">Sheinbaum alab\u00f3 el viernes la postura de Bosh e indic\u00f3 que \u201ca m\u00ed me gust\u00f3 de ella que levanta la voz cuando siente que hay una injusticia y eso es un ejemplo para todas y todos los mexicanos y para las mujeres\u201d.<\/span><\/p>\n<p><span style=\"color: #000000;\">La mandataria tambi\u00e9n expres\u00f3 sus diferencias con el certamen y dijo que \u201csiempre tiene su cuestionamiento el concurso de Miss Universo\u201d, pero no abund\u00f3 en detalles.<\/span><\/p>\n<p><span style=\"color: #000000;\">Con el triunfo de Bosch, M\u00e9xico acumula cuatro coronas de Miss Universo. En 1991 la gan\u00f3 Lupita Jones, en 2010 Ximena Navarrete y en 2020 Andrea Meza, cuya corona le fue otorgada al a\u00f1o siguiente debido a la pandemia de coronavirus.<\/span><\/p>\n<p><span style=\"color: #000000;\">Bosch es originaria de Villahermosa, la capital del estado sure\u00f1o de Tabasco. De ni\u00f1a fue diagnosticada con dislexia y Trastorno por D\u00e9ficit de Atenci\u00f3n e Hiperactividad. Estudi\u00f3 moda y dise\u00f1o en Ciudad de M\u00e9xico y profundiz\u00f3 sus estudios en Mil\u00e1n, Italia. Adem\u00e1s, vivi\u00f3 un a\u00f1o en Estados Unidos.<\/span><\/p>\n<p><span style=\"color: #000000;\">La victoria de la mexicana fue celebrada en su natal Villahermosa, donde centenares habitantes se concentraron la noche del jueves en un estadio para ver el certamen y salieron a las calles a festejar luego de que se anunci\u00f3 el triunfo.<\/span><\/p>\n<p><span style=\"color: #000000;\">Entre quienes celebraron la nueva corona para M\u00e9xico estaba Gabriel Arcos, un vendedor de una \u00f3ptica de 37 a\u00f1os que afirm\u00f3 que \u201cpara nosotros los tabasque\u00f1os es un orgullo que haya llegado tan lejos a pesar de los contratiempos que tuvo la se\u00f1orita Bosch en su presentaci\u00f3n, en la pasarela y con las mismas compa\u00f1eras\u201d. Agreg\u00f3 que \u201cella mostr\u00f3 c\u00f3mo somos los tabasque\u00f1os. Se respeta a quien respeta y valoramos lo que tenemos\u201d.<\/span><\/p>\n<blockquote><p><span style=\"color: #000000;\">\u201cQu\u00e9 bueno que no se dej\u00f3 y qu\u00e9 bueno que luch\u00f3 por seguir ah\u00ed\u201d, coment\u00f3 desde la Ciudad de M\u00e9xico Patricia Bustamante, una jubilada de 72 a\u00f1os, al recordar que anteriormente las mexicanas \u201ceran sumisas\u201d, pero que ahora salen a defenderse.<\/span><\/p><\/blockquote>\n<p><span style=\"color: #000000;\">Bustamante consider\u00f3 a Bosch una mujer bella y \u201cmuy valiente\u201d.<\/span><\/p>\n<p><span style=\"color: #000000;\">Aunque Briana Gonz\u00e1lez, una enfermera de 40 a\u00f1os, manifest\u00f3 que no estaba de acuerdo con los concursos porque \u201cla belleza va m\u00e1s all\u00e1 de lo f\u00edsico\u201d, le pareci\u00f3 positivo el temple que mantuvo Bosch al defenderse de los comentarios del directivo del certamen y agreg\u00f3 que \u201cde un tiempo para ac\u00e1 las mexicanas hemos salido a defendernos y combatir la desigualdad\u201d.<\/span><\/p>\n<p><span style=\"color: #000000;\">La nueva reina de belleza es una apasionada de la moda sostenible y ha creado modelos con materiales de desecho. Ha sido voluntaria en labores con ni\u00f1os con c\u00e1ncer, as\u00ed como con inmigrantes y en causas de salud mental. A trav\u00e9s de su plataforma busca inspirar a otros para aceptar sus diferencias.<\/span><\/p>\n","protected":false},"excerpt":{"rendered":"<p>El triunfo de la tabasque\u00f1a F\u00e1tima Bosch, que se coron\u00f3 como la cuarta Miss Universo de M\u00e9xico, fue celebrado el viernes por sus compatriotas y en particular por la presidenta Claudia Sheinbaum, que elogi\u00f3 su valent\u00eda al levantar la voz contra el maltrato de uno de los organizadores durante el certamen. \u201cMuchas felicidades\u201d, dijo Sheinbaum en su habitual conferencia matutina al ser consultada sobre la victoria de Bosch en la \u00faltima edici\u00f3n del certamen de belleza que se realiz\u00f3 en Tailandia. Bosch, de 25 a\u00f1os, protest\u00f3 hace d\u00edas por el trato de Nawat Itsaragrisil, director del comit\u00e9 organizador de Miss&#8230;<\/p>\n","protected":false},"author":2,"featured_media":15038,"comment_status":"open","ping_status":"open","sticky":false,"template":"","format":"standard","meta":{"_acf_changed":false,"footnotes":""},"categories":[33],"tags":[],"class_list":["post-15035","post","type-post","status-publish","format-standard","has-post-thumbnail","hentry","category-internacionales"],"acf":[],"aioseo_notices":[],"_links":{"self":[{"href":"https:\/\/colosalinforma.com\/inicio\/wp-json\/wp\/v2\/posts\/15035","targetHints":{"allow":["GET"]}}],"collection":[{"href":"https:\/\/colosalinforma.com\/inicio\/wp-json\/wp\/v2\/posts"}],"about":[{"href":"https:\/\/colosalinforma.com\/inicio\/wp-json\/wp\/v2\/types\/post"}],"author":[{"embeddable":true,"href":"https:\/\/colosalinforma.com\/inicio\/wp-json\/wp\/v2\/users\/2"}],"replies":[{"embeddable":true,"href":"https:\/\/colosalinforma.com\/inicio\/wp-json\/wp\/v2\/comments?post=15035"}],"version-history":[{"count":1,"href":"https:\/\/colosalinforma.com\/inicio\/wp-json\/wp\/v2\/posts\/15035\/revisions"}],"predecessor-version":[{"id":15039,"href":"https:\/\/colosalinforma.com\/inicio\/wp-json\/wp\/v2\/posts\/15035\/revisions\/15039"}],"wp:featuredmedia":[{"embeddable":true,"href":"https:\/\/colosalinforma.com\/inicio\/wp-json\/wp\/v2\/media\/15038"}],"wp:attachment":[{"href":"https:\/\/colosalinforma.com\/inicio\/wp-json\/wp\/v2\/media?parent=15035"}],"wp:term":[{"taxonomy":"category","embeddable":true,"href":"https:\/\/colosalinforma.com\/inicio\/wp-json\/wp\/v2\/categories?post=15035"},{"taxonomy":"post_tag","embeddable":true,"href":"https:\/\/colosalinforma.com\/inicio\/wp-json\/wp\/v2\/tags?post=15035"}],"curies":[{"name":"wp","href":"https:\/\/api.w.org\/{rel}","templated":true}]}}