{"id":15120,"date":"2025-12-04T11:41:35","date_gmt":"2025-12-04T17:41:35","guid":{"rendered":"https:\/\/colosalinforma.com\/inicio\/?p=15120"},"modified":"2025-12-04T11:41:35","modified_gmt":"2025-12-04T17:41:35","slug":"tragedia-en-un-gimnasio-de-brasil-un-hombre-murio-tras-sufrir-un-accidente-durante-un-press-de-banca","status":"publish","type":"post","link":"https:\/\/colosalinforma.com\/inicio\/tragedia-en-un-gimnasio-de-brasil-un-hombre-murio-tras-sufrir-un-accidente-durante-un-press-de-banca\/","title":{"rendered":"Tragedia en un gimnasio de Brasil: un hombre muri\u00f3 tras sufrir un accidente durante un press de banca"},"content":{"rendered":"<h4 class=\"paragraph\">Un hombre de 55 a\u00f1os muri\u00f3 tras un accidente ocurrido mientras realizaba un ejercicio de<b> press de banca <\/b>en la RW Academia, gimnasio ubicado en el barrio <b>Jardim Atl\u00e2ntico, Olinda, <\/b><b>Brasil<\/b>. El hecho, que ocurri\u00f3 alrededor de las 19:00, caus\u00f3 conmoci\u00f3n en la comunidad local por la <b>naturaleza inesperada del suceso y la relevancia de la v\u00edctima <\/b>en el \u00e1mbito cultural.<\/h4>\n<h4 class=\"header headline-class-h2 headline\"><span style=\"color: #000000;\">Detalles del accidente y atenci\u00f3n recibida<\/span><\/h4>\n<p class=\"paragraph\"><span style=\"color: #000000;\">De acuerdo con diversos medios locales, Ronald Jos\u00e9 Salvador Montenegro realizaba un ejercicio de press de banca con barra libre cuando el barrote se desliz\u00f3 de sus manos y cay\u00f3 sobre su pecho. Las c\u00e1maras de seguridad del gimnasio registraron el momento en que, tras el impacto, logr\u00f3 incorporarse y caminar hasta la recepci\u00f3n, pero colaps\u00f3 poco despu\u00e9s.<\/span><\/p>\n<p class=\"paragraph\"><span style=\"color: #000000;\">Personal del gimnasio y otros usuarios acudieron de inmediato para asistirlo y solicitaron ayuda m\u00e9dica. Montenegro fue trasladado consciente a la Unidad de Pronto Atenci\u00f3n (UPA) de Olinda, pero lleg\u00f3 en paro cardiorrespiratorio y no sobrevivi\u00f3 a las lesiones. Al momento de hacer el ejercicio, la v\u00edctima levantaba 30 kilogramos por lado, sumado a los 15 que pesa aproximadamente el barrote.<\/span><\/p>\n<p class=\"paragraph\"><span style=\"color: #000000;\">El gimnasio, en un comunicado citado por <i>MixVale<\/i>, expres\u00f3 su pesar por el fallecimiento y asegur\u00f3 que su equipo actu\u00f3 con prontitud, brindando asistencia inmediata y llamando a los servicios de emergencia. La empresa manifest\u00f3 su disposici\u00f3n para apoyar a la familia y destac\u00f3 que Montenegro era un cliente habitual y apreciado por la comunidad del gimnasio.<\/span><\/p>\n<p class=\"paragraph\"><span style=\"color: #000000;\">Seg\u00fan familiares citados por el medio local <i>G1 Pernambuco<\/i>, Montenegro ten\u00eda m\u00e1s de 30 a\u00f1os de experiencia en musculaci\u00f3n y no hab\u00eda sufrido accidentes previos durante su trayectoria deportiva. En el momento del accidente, se encontraba acompa\u00f1ado por un entrenador personal, quien confirm\u00f3 que el ejercicio formaba parte de su rutina habitual.<\/span><\/p>\n<p class=\"paragraph\"><span style=\"color: #000000;\">El presidente del Consejo Regional de Educaci\u00f3n F\u00edsica de Pernambuco, L\u00facio Beltr\u00e3o, explic\u00f3 a <i>G<\/i><i>1 Pernambuco<\/i><i> <\/i>que la forma en la que sujetaba la barra, conocida como \u201cagarre suicida\u201d o \u201cfalse grip\u201d, podr\u00eda haber incrementado el riesgo de que la barra se deslizara, aunque no se puede atribuir oficialmente la causa del accidente a esta t\u00e9cnica.<\/span><\/p>\n<h4 class=\"header headline-class-h2 headline\"><span style=\"color: #000000;\">Perfil y legado de Ronald Montenegro<\/span><\/h4>\n<p class=\"paragraph\"><span style=\"color: #000000;\">Ronald Montenegro era ampliamente reconocido por su labor al frente del Centro Cultural Pal\u00e1cio dos Bonecos Gigantes de Olinda, instituci\u00f3n que dirig\u00eda desde su fundaci\u00f3n y que alberga m\u00e1s de 300 piezas hist\u00f3ricas que desfilan cada a\u00f1o en el Carnaval de Olinda. Seg\u00fan <i>MixVale<\/i>, su gesti\u00f3n impuls\u00f3 la creaci\u00f3n de nuevos mu\u00f1ecos y la formaci\u00f3n de nuevas generaciones de titiriteros, adem\u00e1s de promover exposiciones nacionales e internacionales.<\/span><\/p>\n<p class=\"paragraph\"><span style=\"color: #000000;\">Nacido en Olinda y residente del barrio Jardim Atl\u00e2ntico, tambi\u00e9n trabajaba como profesional aut\u00f3nomo en el sector de log\u00edstica. Ten\u00eda dos hijos, Milena y Ronald Junior, de 25 y 18 a\u00f1os respectivamente. Familiares y allegados lo describieron como un apasionado del carnaval y de las tradiciones populares, con una vida dedicada a la organizaci\u00f3n de eventos y la preservaci\u00f3n de la cultura local.<picture><source srcset=\"https:\/\/www.infobae.com\/resizer\/v2\/6NDZIZGRU5BV7ISTU7UFBT7CDY.jpg?auth=b2a5c57e055ec8084be5d82a47cb045f78c52e23de3d5fb608e2d4fe6ce84ac5&smart=true&width=992&height=1761&quality=85\" media=\"(min-width: 1000px)\" \/><source srcset=\"https:\/\/www.infobae.com\/resizer\/v2\/6NDZIZGRU5BV7ISTU7UFBT7CDY.jpg?auth=b2a5c57e055ec8084be5d82a47cb045f78c52e23de3d5fb608e2d4fe6ce84ac5&smart=true&width=768&height=1364&quality=85\" media=\"(min-width: 768px)\" \/><source srcset=\"https:\/\/www.infobae.com\/resizer\/v2\/6NDZIZGRU5BV7ISTU7UFBT7CDY.jpg?auth=b2a5c57e055ec8084be5d82a47cb045f78c52e23de3d5fb608e2d4fe6ce84ac5&smart=true&width=577&height=1024&quality=85\" media=\"(min-width: 580px)\" \/><source srcset=\"https:\/\/www.infobae.com\/resizer\/v2\/6NDZIZGRU5BV7ISTU7UFBT7CDY.jpg?auth=b2a5c57e055ec8084be5d82a47cb045f78c52e23de3d5fb608e2d4fe6ce84ac5&smart=true&width=420&height=746&quality=85\" media=\"(min-width: 350px)\" \/><source srcset=\"https:\/\/www.infobae.com\/resizer\/v2\/6NDZIZGRU5BV7ISTU7UFBT7CDY.jpg?auth=b2a5c57e055ec8084be5d82a47cb045f78c52e23de3d5fb608e2d4fe6ce84ac5&smart=true&width=350&height=621&quality=85\" media=\"(min-width: 80px)\" \/><\/picture><\/span><\/p>\n<p class=\"paragraph\"><span style=\"color: #000000;\">La tradici\u00f3n de los mu\u00f1ecos gigantes, reconocida como patrimonio cultural inmaterial de Brasil desde 2005, constituye uno de los s\u00edmbolos m\u00e1s emblem\u00e1ticos del Carnaval de Olinda. Estas figuras, que pueden alcanzar hasta 4,5 metros de altura y pesar cerca de 45 kilos, desfilan cada a\u00f1o representando personajes hist\u00f3ricos, figuras populares y celebridades. El Pal\u00e1cio dos Bonecos Gigantes, bajo la direcci\u00f3n de Montenegro, se consolid\u00f3 como un referente nacional e internacional en la preservaci\u00f3n y difusi\u00f3n de esta manifestaci\u00f3n cultural, recibiendo a investigadores y turistas durante todo el a\u00f1o.<\/span><\/p>\n<p class=\"paragraph\"><span style=\"color: #000000;\">El Centro Cultural de Olinda, en una nota de condolencia publicada en redes sociales y citada por <i>Daily Mail<\/i>, lament\u00f3 profundamente la p\u00e9rdida de su presidente, a quien defini\u00f3 como \u201cun creador, un defensor apasionado de la cultura popular y uno de los grandes responsables de mantener viva la tradici\u00f3n de los mu\u00f1ecos gigantes que encantan Olinda y el mundo\u201d. La instituci\u00f3n suspendi\u00f3 sus actividades hasta el 5 de diciembre en se\u00f1al de duelo.<\/span><\/p>\n<p class=\"paragraph\"><span style=\"color: #000000;\">Asimismo, La noticia de la muerte gener\u00f3 numerosas muestras de pesar en la comunidad cultural y deportiva de Pernambuco. Por su parte, la tradicional agrupaci\u00f3n carnavalesca Homem da Meia-Noite tambi\u00e9n expres\u00f3 su tristeza por la p\u00e9rdida, destacando la pasi\u00f3n de Montenegro por las tradiciones del carnaval.<\/span><\/p>\n<p class=\"paragraph\"><span style=\"color: #000000;\">Familiares de la v\u00edctima, citados por <i>Daily Mail<\/i>, hicieron un llamado a los gimnasios para reforzar las medidas de prevenci\u00f3n y la supervisi\u00f3n durante el uso de equipos de musculaci\u00f3n, especialmente en ejercicios que implican riesgos elevados.<\/span><\/p>\n<h4 class=\"header headline-class-h2 headline\"><span style=\"color: #000000;\">Investigaci\u00f3n policial y seguridad en gimnasios<\/span><\/h4>\n<p class=\"paragraph\"><span style=\"color: #000000;\">La Polic\u00eda Civil de Pernambuco clasific\u00f3 el caso como muerte accidental, seg\u00fan informaron <i>g1 Pernambuco<\/i> y <i>MixVale<\/i>. El informe oficial a\u00fan no se ha finalizado, pero las autoridades descartaron la existencia de factores externos o intencionales en el accidente. El debate sobre la seguridad en gimnasios y el uso de t\u00e9cnicas de agarre en ejercicios de press de banca ha cobrado relevancia tras el incidente, aunque los especialistas consultados por los medios subrayaron que no se pueden establecer conclusiones definitivas sobre la causa del accidente sin el informe pericial.<\/span><\/p>\n<p class=\"paragraph\"><span style=\"color: #000000;\">El gimnasio RW Academia respondi\u00f3 a las consultas de <i>G1 Pernambuco <\/i>sobre la capacitaci\u00f3n de su personal en primeros auxilios y la supervisi\u00f3n de los ejercicios, asegurando que el equipo est\u00e1 preparado para actuar en situaciones de emergencia y que Montenegro contaba con la compa\u00f1\u00eda de un entrenador personal durante la sesi\u00f3n.<\/span><\/p>\n","protected":false},"excerpt":{"rendered":"<p>Un hombre de 55 a\u00f1os muri\u00f3 tras un accidente ocurrido mientras realizaba un ejercicio de press de banca en la RW Academia, gimnasio ubicado en el barrio Jardim Atl\u00e2ntico, Olinda, Brasil. El hecho, que ocurri\u00f3 alrededor de las 19:00, caus\u00f3 conmoci\u00f3n en la comunidad local por la naturaleza inesperada del suceso y la relevancia de la v\u00edctima en el \u00e1mbito cultural. Detalles del accidente y atenci\u00f3n recibida De acuerdo con diversos medios locales, Ronald Jos\u00e9 Salvador Montenegro realizaba un ejercicio de press de banca con barra libre cuando el barrote se desliz\u00f3 de sus manos y cay\u00f3 sobre su pecho&#8230;.<\/p>\n","protected":false},"author":2,"featured_media":15123,"comment_status":"open","ping_status":"open","sticky":false,"template":"","format":"standard","meta":{"_acf_changed":false,"footnotes":""},"categories":[33],"tags":[],"class_list":["post-15120","post","type-post","status-publish","format-standard","has-post-thumbnail","hentry","category-internacionales"],"acf":[],"aioseo_notices":[],"_links":{"self":[{"href":"https:\/\/colosalinforma.com\/inicio\/wp-json\/wp\/v2\/posts\/15120","targetHints":{"allow":["GET"]}}],"collection":[{"href":"https:\/\/colosalinforma.com\/inicio\/wp-json\/wp\/v2\/posts"}],"about":[{"href":"https:\/\/colosalinforma.com\/inicio\/wp-json\/wp\/v2\/types\/post"}],"author":[{"embeddable":true,"href":"https:\/\/colosalinforma.com\/inicio\/wp-json\/wp\/v2\/users\/2"}],"replies":[{"embeddable":true,"href":"https:\/\/colosalinforma.com\/inicio\/wp-json\/wp\/v2\/comments?post=15120"}],"version-history":[{"count":1,"href":"https:\/\/colosalinforma.com\/inicio\/wp-json\/wp\/v2\/posts\/15120\/revisions"}],"predecessor-version":[{"id":15124,"href":"https:\/\/colosalinforma.com\/inicio\/wp-json\/wp\/v2\/posts\/15120\/revisions\/15124"}],"wp:featuredmedia":[{"embeddable":true,"href":"https:\/\/colosalinforma.com\/inicio\/wp-json\/wp\/v2\/media\/15123"}],"wp:attachment":[{"href":"https:\/\/colosalinforma.com\/inicio\/wp-json\/wp\/v2\/media?parent=15120"}],"wp:term":[{"taxonomy":"category","embeddable":true,"href":"https:\/\/colosalinforma.com\/inicio\/wp-json\/wp\/v2\/categories?post=15120"},{"taxonomy":"post_tag","embeddable":true,"href":"https:\/\/colosalinforma.com\/inicio\/wp-json\/wp\/v2\/tags?post=15120"}],"curies":[{"name":"wp","href":"https:\/\/api.w.org\/{rel}","templated":true}]}}