{"id":15128,"date":"2025-12-04T11:46:09","date_gmt":"2025-12-04T17:46:09","guid":{"rendered":"https:\/\/colosalinforma.com\/inicio\/?p=15128"},"modified":"2025-12-04T11:46:09","modified_gmt":"2025-12-04T17:46:09","slug":"alexander-arnold-sufre-lesion-muscular-dias-antes-de-que-el-real-madrid-recibe-al-manchester-city","status":"publish","type":"post","link":"https:\/\/colosalinforma.com\/inicio\/alexander-arnold-sufre-lesion-muscular-dias-antes-de-que-el-real-madrid-recibe-al-manchester-city\/","title":{"rendered":"Alexander-Arnold sufre lesi\u00f3n muscular d\u00edas antes de que el Real Madrid recibe al Manchester City"},"content":{"rendered":"<h4>Trent Alexander-Arnold fue diagnosticado con una lesi\u00f3n muscular en la pierna izquierda d\u00edas antes de que el Real Madrid enfrente al Manchester City en la Liga de Campeones.<\/h4>\n<p><span style=\"color: #000000;\">El lateral derecho ingl\u00e9s se lastim\u00f3 un m\u00fasculo en el recto anterior del cu\u00e1driceps de la pierna izquierda, inform\u00f3 el club. Tuvo que salir al inicio del segundo tiempo el mi\u00e9rcoles del partido que el Madrid gan\u00f3 de visitante 3-0 ante el Athletic de Bilbao<\/span><\/p>\n<p><span style=\"color: #000000;\">El Liverpool estuvo fuera de acci\u00f3n durante unas seis semanas esta temporada debido a una lesi\u00f3n diferente en la pierna izquierda. Alexander-Arnold hab\u00eda sido titular en cuatro partidos consecutivos para el equipo de Xabi Alonso antes de este \u00faltimo contratiempo.<\/span><\/p>\n<p><span style=\"color: #000000;\">El club no indic\u00f3 el jueves cu\u00e1nto tiempo de baja tendr\u00e1 Alexander-Arnold.<\/span><\/p>\n<p><span style=\"color: #000000;\">Los merengues reciben al Celta de Vigo en La Liga de Espa\u00f1a el domingo y da la bienvenida al City tres d\u00edas despu\u00e9s en la Liga de Campeones.<\/span><\/p>\n<p><span style=\"color: #000000;\">El otro lateral derecho del Madrid, Dani Carvajal, tambi\u00e9n est\u00e1 descartado tras requerir una cirug\u00eda artrosc\u00f3pica en la rodilla derecha.<\/span><\/p>\n<p>Fuente: AP<\/p>\n","protected":false},"excerpt":{"rendered":"<p>Trent Alexander-Arnold fue diagnosticado con una lesi\u00f3n muscular en la pierna izquierda d\u00edas antes de que el Real Madrid enfrente al Manchester City en la Liga de Campeones. El lateral derecho ingl\u00e9s se lastim\u00f3 un m\u00fasculo en el recto anterior del cu\u00e1driceps de la pierna izquierda, inform\u00f3 el club. Tuvo que salir al inicio del segundo tiempo el mi\u00e9rcoles del partido que el Madrid gan\u00f3 de visitante 3-0 ante el Athletic de Bilbao El Liverpool estuvo fuera de acci\u00f3n durante unas seis semanas esta temporada debido a una lesi\u00f3n diferente en la pierna izquierda. Alexander-Arnold hab\u00eda sido titular en cuatro&#8230;<\/p>\n","protected":false},"author":2,"featured_media":15131,"comment_status":"open","ping_status":"open","sticky":false,"template":"","format":"standard","meta":{"_acf_changed":false,"footnotes":""},"categories":[34],"tags":[],"class_list":["post-15128","post","type-post","status-publish","format-standard","has-post-thumbnail","hentry","category-deportes"],"acf":[],"aioseo_notices":[],"_links":{"self":[{"href":"https:\/\/colosalinforma.com\/inicio\/wp-json\/wp\/v2\/posts\/15128","targetHints":{"allow":["GET"]}}],"collection":[{"href":"https:\/\/colosalinforma.com\/inicio\/wp-json\/wp\/v2\/posts"}],"about":[{"href":"https:\/\/colosalinforma.com\/inicio\/wp-json\/wp\/v2\/types\/post"}],"author":[{"embeddable":true,"href":"https:\/\/colosalinforma.com\/inicio\/wp-json\/wp\/v2\/users\/2"}],"replies":[{"embeddable":true,"href":"https:\/\/colosalinforma.com\/inicio\/wp-json\/wp\/v2\/comments?post=15128"}],"version-history":[{"count":1,"href":"https:\/\/colosalinforma.com\/inicio\/wp-json\/wp\/v2\/posts\/15128\/revisions"}],"predecessor-version":[{"id":15132,"href":"https:\/\/colosalinforma.com\/inicio\/wp-json\/wp\/v2\/posts\/15128\/revisions\/15132"}],"wp:featuredmedia":[{"embeddable":true,"href":"https:\/\/colosalinforma.com\/inicio\/wp-json\/wp\/v2\/media\/15131"}],"wp:attachment":[{"href":"https:\/\/colosalinforma.com\/inicio\/wp-json\/wp\/v2\/media?parent=15128"}],"wp:term":[{"taxonomy":"category","embeddable":true,"href":"https:\/\/colosalinforma.com\/inicio\/wp-json\/wp\/v2\/categories?post=15128"},{"taxonomy":"post_tag","embeddable":true,"href":"https:\/\/colosalinforma.com\/inicio\/wp-json\/wp\/v2\/tags?post=15128"}],"curies":[{"name":"wp","href":"https:\/\/api.w.org\/{rel}","templated":true}]}}