{"id":15136,"date":"2025-12-04T11:55:10","date_gmt":"2025-12-04T17:55:10","guid":{"rendered":"https:\/\/colosalinforma.com\/inicio\/?p=15136"},"modified":"2025-12-04T11:55:10","modified_gmt":"2025-12-04T17:55:10","slug":"martin-garrix-confirma-concierto-en-costa-rica-como-parte-de-su-gira","status":"publish","type":"post","link":"https:\/\/colosalinforma.com\/inicio\/martin-garrix-confirma-concierto-en-costa-rica-como-parte-de-su-gira\/","title":{"rendered":"Martin Garrix confirma concierto en Costa Rica como parte de su gira"},"content":{"rendered":"<h4><span class=\"\">El DJ, mezclador y productor neerland\u00e9s de m\u00fasica electr\u00f3nica, <\/span><strong>Martin Garrix,<\/strong><span class=\"\"> confirm\u00f3 que<\/span><strong> vendr\u00e1 a Costa Rica<\/strong><span class=\"\"> para brindar un show como parte de su<\/span><em> \u00abGira de Martin Garrix por las Am\u00e9ricas\u00bb.<\/em><\/h4>\n<p><span style=\"color: #000000;\"><span class=\"\">La noticia fue dada a conocer por el propio artista a trav\u00e9s de sus redes sociales, confirmando que llegar\u00e1 el <\/span>27 de noviembre<span class=\"\"> y que su show se llevar\u00e1 a cabo en <\/span>Parque Viva,<span class=\"\"> ubicado en La Gu\u00e1cima de Alajuela.<\/span><\/span><\/p>\n<p><a href=\"https:\/\/d38tduvovkr85r.cloudfront.net\/wp-content\/uploads\/2025\/12\/Martin-Garrix.jpg\" rel=\"noopener noreferrer\"><img loading=\"lazy\" decoding=\"async\" class=\"aligncenter size-large wp-image-2847595\" src=\"https:\/\/images.hoy.cr\/wp-content\/uploads\/2025\/12\/Martin-Garrix.jpg\" sizes=\"auto, (max-width: 768px) 100vw, 620px\" srcset=\"https:\/\/images.hoy.cr\/wp-content\/uploads\/2025\/12\/Martin-Garrix.jpg 600w, https:\/\/images.hoy.cr\/wp-content\/uploads\/2025\/12\/Martin-Garrix.jpg 1200w\" alt=\"\" width=\"579\" height=\"1024\" \/><\/a><\/p>\n<p><span style=\"color: #000000;\"><span class=\"\">Adem\u00e1s de confirmar su presencia en el pa\u00eds, tambi\u00e9n inform\u00f3 que su gira incluir\u00e1 pa\u00edses como <\/span>Argentina, Chile, Estados Unidos, M\u00e9xico, Guatemala y Colombia.<\/span><\/p>\n<p><span style=\"color: #000000;\">Se espera que pronto alguna productora nacional pueda anunciar oficialmente el concierto del artista, para conocer m\u00e1s detalles sobre c\u00f3mo los fans costarricenses podr\u00e1n conseguir entradas para el esperado espect\u00e1culo.<\/span><\/p>\n<p>Fuente: CRHoy<\/p>\n","protected":false},"excerpt":{"rendered":"<p>El DJ, mezclador y productor neerland\u00e9s de m\u00fasica electr\u00f3nica, Martin Garrix, confirm\u00f3 que vendr\u00e1 a Costa Rica para brindar un show como parte de su \u00abGira de Martin Garrix por las Am\u00e9ricas\u00bb. La noticia fue dada a conocer por el propio artista a trav\u00e9s de sus redes sociales, confirmando que llegar\u00e1 el 27 de noviembre y que su show se llevar\u00e1 a cabo en Parque Viva, ubicado en La Gu\u00e1cima de Alajuela. Adem\u00e1s de confirmar su presencia en el pa\u00eds, tambi\u00e9n inform\u00f3 que su gira incluir\u00e1 pa\u00edses como Argentina, Chile, Estados Unidos, M\u00e9xico, Guatemala y Colombia. Se espera que pronto&#8230;<\/p>\n","protected":false},"author":2,"featured_media":15139,"comment_status":"open","ping_status":"open","sticky":false,"template":"","format":"standard","meta":{"_acf_changed":false,"footnotes":""},"categories":[41],"tags":[],"class_list":["post-15136","post","type-post","status-publish","format-standard","has-post-thumbnail","hentry","category-entretenimiento"],"acf":[],"aioseo_notices":[],"_links":{"self":[{"href":"https:\/\/colosalinforma.com\/inicio\/wp-json\/wp\/v2\/posts\/15136","targetHints":{"allow":["GET"]}}],"collection":[{"href":"https:\/\/colosalinforma.com\/inicio\/wp-json\/wp\/v2\/posts"}],"about":[{"href":"https:\/\/colosalinforma.com\/inicio\/wp-json\/wp\/v2\/types\/post"}],"author":[{"embeddable":true,"href":"https:\/\/colosalinforma.com\/inicio\/wp-json\/wp\/v2\/users\/2"}],"replies":[{"embeddable":true,"href":"https:\/\/colosalinforma.com\/inicio\/wp-json\/wp\/v2\/comments?post=15136"}],"version-history":[{"count":1,"href":"https:\/\/colosalinforma.com\/inicio\/wp-json\/wp\/v2\/posts\/15136\/revisions"}],"predecessor-version":[{"id":15140,"href":"https:\/\/colosalinforma.com\/inicio\/wp-json\/wp\/v2\/posts\/15136\/revisions\/15140"}],"wp:featuredmedia":[{"embeddable":true,"href":"https:\/\/colosalinforma.com\/inicio\/wp-json\/wp\/v2\/media\/15139"}],"wp:attachment":[{"href":"https:\/\/colosalinforma.com\/inicio\/wp-json\/wp\/v2\/media?parent=15136"}],"wp:term":[{"taxonomy":"category","embeddable":true,"href":"https:\/\/colosalinforma.com\/inicio\/wp-json\/wp\/v2\/categories?post=15136"},{"taxonomy":"post_tag","embeddable":true,"href":"https:\/\/colosalinforma.com\/inicio\/wp-json\/wp\/v2\/tags?post=15136"}],"curies":[{"name":"wp","href":"https:\/\/api.w.org\/{rel}","templated":true}]}}