{"id":15152,"date":"2025-12-05T16:50:00","date_gmt":"2025-12-05T22:50:00","guid":{"rendered":"https:\/\/colosalinforma.com\/inicio\/?p=15152"},"modified":"2025-12-05T16:50:00","modified_gmt":"2025-12-05T22:50:00","slug":"cuba-registro-mas-de-1-000-nuevos-casos-de-dengue-y-chikunguna-en-un-solo-dia","status":"publish","type":"post","link":"https:\/\/colosalinforma.com\/inicio\/cuba-registro-mas-de-1-000-nuevos-casos-de-dengue-y-chikunguna-en-un-solo-dia\/","title":{"rendered":"Cuba registr\u00f3 m\u00e1s de 1.000 nuevos casos de dengue y chikungu\u00f1a en un solo d\u00eda"},"content":{"rendered":"<h4 class=\"article-subheadline text_align_left\">El reporte llega en plena ola epid\u00e9mica y entre cr\u00edticas por falta de transparencia y un sistema sanitario colapsado.<\/h4>\n<p class=\"paragraph\"><span style=\"color: #000000;\">El Ministerio de Salud P\u00fablica (MINSAP) del r\u00e9gimen de Cuba inform\u00f3 este viernes que en la \u00faltima jornada se confirmaron 1.023 nuevos casos de dengue y chikungu\u00f1a, en medio de la epidemia combinada que afecta al pa\u00eds.<\/span><\/p>\n<p class=\"paragraph\"><span style=\"color: #000000;\">Seg\u00fan declar\u00f3 en la televisi\u00f3n estatal Susana Su\u00e1rez, directora de Salud Ambiental del MINSAP, se detectaron 627 contagios de chikungu\u00f1a, elevando el acumulado a 40.801 casos. En cuanto al dengue, 396 pruebas resultaron positivas, aunque no se ofreci\u00f3 el total acumulado de esta enfermedad. Su\u00e1rez indic\u00f3 adem\u00e1s que 64 pacientes permanecen en estado grave, 14 menos que el d\u00eda anterior, y 12 contin\u00faan en estado cr\u00edtico, uno menos que la jornada previa. De estos \u00faltimos, \u201c11 son menores de un a\u00f1o\u201d, uno de los grupos m\u00e1s vulnerables ante ambas arbovirosis.<\/span><\/p>\n<p class=\"paragraph\"><span style=\"color: #000000;\">Las autoridades sanitarias han se\u00f1alado que los cuadros m\u00e1s severos de chikungu\u00f1a se registran con mayor frecuencia en beb\u00e9s menores de un a\u00f1o, ni\u00f1os de 10 a 15 a\u00f1os y adultos mayores. Hasta el momento, el MINSAP ha confirmado 33 fallecidos, de los cuales 21 son menores de edad.<\/span><\/p>\n<p class=\"paragraph\"><span style=\"color: #000000;\">Por su parte, la investigadora del Instituto de Medicina Tropical Pedro Kour\u00ed, Mar\u00eda Eugenia Toledo, record\u00f3 que los brotes de chikungu\u00f1a suelen ser \u201cmuy explosivos\u201d y reconoci\u00f3 que no es posible predecir cu\u00e1ndo concluir\u00e1 la actual ola epid\u00e9mica.<\/span><\/p>\n<div class=\"visual__image\"><picture><source srcset=\"https:\/\/www.infobae.com\/resizer\/v2\/SN3BVUHHYFBW7CABSQPQXI5OSE.jpg?auth=1b99aef391c1656bfe812b95a95375a8a2e6931f3a423c9cf994b7b69c19d0e0&smart=true&width=992&height=620&quality=85\" media=\"(min-width: 1000px)\" \/><source srcset=\"https:\/\/www.infobae.com\/resizer\/v2\/SN3BVUHHYFBW7CABSQPQXI5OSE.jpg?auth=1b99aef391c1656bfe812b95a95375a8a2e6931f3a423c9cf994b7b69c19d0e0&smart=true&width=768&height=480&quality=85\" media=\"(min-width: 768px)\" \/><source srcset=\"https:\/\/www.infobae.com\/resizer\/v2\/SN3BVUHHYFBW7CABSQPQXI5OSE.jpg?auth=1b99aef391c1656bfe812b95a95375a8a2e6931f3a423c9cf994b7b69c19d0e0&smart=true&width=577&height=361&quality=85\" media=\"(min-width: 580px)\" \/><source srcset=\"https:\/\/www.infobae.com\/resizer\/v2\/SN3BVUHHYFBW7CABSQPQXI5OSE.jpg?auth=1b99aef391c1656bfe812b95a95375a8a2e6931f3a423c9cf994b7b69c19d0e0&smart=true&width=420&height=262&quality=85\" media=\"(min-width: 350px)\" \/><source srcset=\"https:\/\/www.infobae.com\/resizer\/v2\/SN3BVUHHYFBW7CABSQPQXI5OSE.jpg?auth=1b99aef391c1656bfe812b95a95375a8a2e6931f3a423c9cf994b7b69c19d0e0&smart=true&width=350&height=219&quality=85\" media=\"(min-width: 80px)\" \/><img loading=\"lazy\" decoding=\"async\" class=\"global-image\" src=\"https:\/\/www.infobae.com\/resizer\/v2\/SN3BVUHHYFBW7CABSQPQXI5OSE.jpg?auth=1b99aef391c1656bfe812b95a95375a8a2e6931f3a423c9cf994b7b69c19d0e0&smart=true&width=350&height=219&quality=85\" alt=\"La profunda crisis econ\u00f3mica que\" width=\"5160\" height=\"3224\" \/><\/picture><\/div>\n<p class=\"paragraph\"><span style=\"color: #000000;\">La dictadura cubana reconoci\u00f3 oficialmente la existencia de la epidemia el pasado 12 de noviembre, pese a que los primeros casos se registraron en junio y los contagios se incrementaron significativamente en septiembre y octubre. El anuncio se produjo tras semanas de cr\u00edticas de activistas, opositores, especialistas y medios independientes, que han cuestionado la falta de transparencia en la comunicaci\u00f3n oficial sobre la magnitud del brote y los posibles fallecimientos asociados.<\/span><\/p>\n<p class=\"paragraph\"><span style=\"color: #000000;\">La profunda crisis econ\u00f3mica que atraviesa el pa\u00eds tambi\u00e9n ha limitado la capacidad de respuesta sanitaria, afectando las campa\u00f1as de fumigaci\u00f3n, la realizaci\u00f3n de pruebas diagn\u00f3sticas y el abastecimiento de medicamentos, factores que han favorecido la propagaci\u00f3n del dengue y la chikungu\u00f1a. La escasez de combustible y de camiones de recogida de desechos agrava la situaci\u00f3n, al impedir la retirada regular de basura en las calles y facilitar la proliferaci\u00f3n de criaderos del mosquito <i>Aedes aegypti<\/i>, transmisor de ambas enfermedades.<\/span><\/p>\n<p class=\"paragraph\"><span style=\"color: #000000;\">Las autoridades reconocieron adem\u00e1s la existencia de un subregistro de casos, dado que muchas personas no acuden a los centros de salud, en parte por la falta de medicamentos. A ello se suma el deterioro del sistema sanitario estatal, que entre 2021 y 2024 perdi\u00f3 29 % de sus m\u00e9dicos y 17 % de su personal de enfermer\u00eda, seg\u00fan datos de la Oficina Nacional de Estad\u00edstica e Informaci\u00f3n (ONEI).<\/span><\/p>\n<p>Fuente: Infobae<\/p>\n","protected":false},"excerpt":{"rendered":"<p>El reporte llega en plena ola epid\u00e9mica y entre cr\u00edticas por falta de transparencia y un sistema sanitario colapsado. El Ministerio de Salud P\u00fablica (MINSAP) del r\u00e9gimen de Cuba inform\u00f3 este viernes que en la \u00faltima jornada se confirmaron 1.023 nuevos casos de dengue y chikungu\u00f1a, en medio de la epidemia combinada que afecta al pa\u00eds. Seg\u00fan declar\u00f3 en la televisi\u00f3n estatal Susana Su\u00e1rez, directora de Salud Ambiental del MINSAP, se detectaron 627 contagios de chikungu\u00f1a, elevando el acumulado a 40.801 casos. En cuanto al dengue, 396 pruebas resultaron positivas, aunque no se ofreci\u00f3 el total acumulado de esta enfermedad&#8230;.<\/p>\n","protected":false},"author":2,"featured_media":15155,"comment_status":"open","ping_status":"open","sticky":false,"template":"","format":"standard","meta":{"_acf_changed":false,"footnotes":""},"categories":[33],"tags":[],"class_list":["post-15152","post","type-post","status-publish","format-standard","has-post-thumbnail","hentry","category-internacionales"],"acf":[],"aioseo_notices":[],"_links":{"self":[{"href":"https:\/\/colosalinforma.com\/inicio\/wp-json\/wp\/v2\/posts\/15152","targetHints":{"allow":["GET"]}}],"collection":[{"href":"https:\/\/colosalinforma.com\/inicio\/wp-json\/wp\/v2\/posts"}],"about":[{"href":"https:\/\/colosalinforma.com\/inicio\/wp-json\/wp\/v2\/types\/post"}],"author":[{"embeddable":true,"href":"https:\/\/colosalinforma.com\/inicio\/wp-json\/wp\/v2\/users\/2"}],"replies":[{"embeddable":true,"href":"https:\/\/colosalinforma.com\/inicio\/wp-json\/wp\/v2\/comments?post=15152"}],"version-history":[{"count":1,"href":"https:\/\/colosalinforma.com\/inicio\/wp-json\/wp\/v2\/posts\/15152\/revisions"}],"predecessor-version":[{"id":15156,"href":"https:\/\/colosalinforma.com\/inicio\/wp-json\/wp\/v2\/posts\/15152\/revisions\/15156"}],"wp:featuredmedia":[{"embeddable":true,"href":"https:\/\/colosalinforma.com\/inicio\/wp-json\/wp\/v2\/media\/15155"}],"wp:attachment":[{"href":"https:\/\/colosalinforma.com\/inicio\/wp-json\/wp\/v2\/media?parent=15152"}],"wp:term":[{"taxonomy":"category","embeddable":true,"href":"https:\/\/colosalinforma.com\/inicio\/wp-json\/wp\/v2\/categories?post=15152"},{"taxonomy":"post_tag","embeddable":true,"href":"https:\/\/colosalinforma.com\/inicio\/wp-json\/wp\/v2\/tags?post=15152"}],"curies":[{"name":"wp","href":"https:\/\/api.w.org\/{rel}","templated":true}]}}