{"id":15783,"date":"2026-01-19T11:49:22","date_gmt":"2026-01-19T17:49:22","guid":{"rendered":"https:\/\/colosalinforma.com\/inicio\/?p=15783"},"modified":"2026-01-19T11:49:22","modified_gmt":"2026-01-19T17:49:22","slug":"muere-el-disenador-italiano-valentino-a-los-93-anos-en-roma","status":"publish","type":"post","link":"https:\/\/colosalinforma.com\/inicio\/muere-el-disenador-italiano-valentino-a-los-93-anos-en-roma\/","title":{"rendered":"Muere el dise\u00f1ador italiano Valentino a los 93 a\u00f1os en Roma"},"content":{"rendered":"<h4 class=\"L6-news-detail__text\">El reputado dise\u00f1ador Ludovico Clemente Garavani, m\u00e1s conocido como <b>Valentino<\/b>, ha fallecido este lunes en su domicilio de Roma <b>a los 93 a\u00f1os<\/b>.<\/h4>\n<p class=\"L6-news-detail__text\"><span style=\"color: #000000;\">As\u00ed lo ha transmitido la Fundaci\u00f3n Valentino Garavani y Giancarlo Gianmmetti, cofundador de la marca de ropa y expareja del dise\u00f1ador. \u00abNuestro fundador, Valentino Garavani, falleci\u00f3 hoy en su residencia romana, <b>rodeado de sus seres queridos\u00bb<\/b>, ha rezado el texto.<\/span><\/p>\n<p class=\"L6-news-detail__text\"><span style=\"color: #000000;\">Seg\u00fan ha avanzado el diario italiano \u2018Corriere della Sera\u2019, todos aquellos que quieran darle un \u00faltimo adi\u00f3s podr\u00e1n hacerlo en la capilla ardiente que se instalar\u00e1 entre los d\u00edas <b>21 y 22 de enero en la plaza Miagnelli<\/b>. El horario de visita ser\u00e1 de 11:00 a 18:00 horas. Posteriormente, el pr\u00f3ximo viernes 23 tendr\u00e1 lugar el funeral en la <b>Bas\u00edlica de Santa Mar\u00eda de los \u00c1ngeles y los M\u00e1rtires. <\/b><\/span><\/p>\n<p class=\"L6-news-detail__text\"><span style=\"color: #000000;\">Valentino naci\u00f3 en 1932 en la localidad de Voghera, ubicada en la provincia de Pav\u00eda. Inici\u00f3 su formaci\u00f3n en Par\u00eds, concretamente en los talleres de <b>Jean D\u00e8sses y Guy Laroche<\/b>, para m\u00e1s tarde regresar a Italia y abrir su <b>primera sastrer\u00eda en la Via Condotti de Roma<\/b> en 1958, con tan solo 26 a\u00f1os.<\/span><\/p>\n<p class=\"L6-news-detail__text\"><span style=\"color: #000000;\">Pasar\u00edan casi 30 a\u00f1os hasta que su carrera acabase por despegar. En 1962, la Maison Valentino, fundada junto a Giancarlo Giammetti, r\u00e1pidamente comenz\u00f3 a crecer y alcanz\u00f3 las cotas posteriores gracias a <b>colaboraciones con estrellas de Hollywood<\/b>. Despu\u00e9s, vendieron la marca al grupo HdP, aunque Valentino continu\u00f3 siendo su director art\u00edstico <b>hasta 2007.<\/b><\/span><\/p>\n<p>Fuente: La Sexta<\/p>\n","protected":false},"excerpt":{"rendered":"<p>El reputado dise\u00f1ador Ludovico Clemente Garavani, m\u00e1s conocido como Valentino, ha fallecido este lunes en su domicilio de Roma a los 93 a\u00f1os. As\u00ed lo ha transmitido la Fundaci\u00f3n Valentino Garavani y Giancarlo Gianmmetti, cofundador de la marca de ropa y expareja del dise\u00f1ador. \u00abNuestro fundador, Valentino Garavani, falleci\u00f3 hoy en su residencia romana, rodeado de sus seres queridos\u00bb, ha rezado el texto. Seg\u00fan ha avanzado el diario italiano \u2018Corriere della Sera\u2019, todos aquellos que quieran darle un \u00faltimo adi\u00f3s podr\u00e1n hacerlo en la capilla ardiente que se instalar\u00e1 entre los d\u00edas 21 y 22 de enero en la plaza&#8230;<\/p>\n","protected":false},"author":2,"featured_media":15786,"comment_status":"open","ping_status":"open","sticky":false,"template":"","format":"standard","meta":{"_acf_changed":false,"footnotes":""},"categories":[41],"tags":[],"class_list":["post-15783","post","type-post","status-publish","format-standard","has-post-thumbnail","hentry","category-entretenimiento"],"acf":[],"aioseo_notices":[],"_links":{"self":[{"href":"https:\/\/colosalinforma.com\/inicio\/wp-json\/wp\/v2\/posts\/15783","targetHints":{"allow":["GET"]}}],"collection":[{"href":"https:\/\/colosalinforma.com\/inicio\/wp-json\/wp\/v2\/posts"}],"about":[{"href":"https:\/\/colosalinforma.com\/inicio\/wp-json\/wp\/v2\/types\/post"}],"author":[{"embeddable":true,"href":"https:\/\/colosalinforma.com\/inicio\/wp-json\/wp\/v2\/users\/2"}],"replies":[{"embeddable":true,"href":"https:\/\/colosalinforma.com\/inicio\/wp-json\/wp\/v2\/comments?post=15783"}],"version-history":[{"count":1,"href":"https:\/\/colosalinforma.com\/inicio\/wp-json\/wp\/v2\/posts\/15783\/revisions"}],"predecessor-version":[{"id":15787,"href":"https:\/\/colosalinforma.com\/inicio\/wp-json\/wp\/v2\/posts\/15783\/revisions\/15787"}],"wp:featuredmedia":[{"embeddable":true,"href":"https:\/\/colosalinforma.com\/inicio\/wp-json\/wp\/v2\/media\/15786"}],"wp:attachment":[{"href":"https:\/\/colosalinforma.com\/inicio\/wp-json\/wp\/v2\/media?parent=15783"}],"wp:term":[{"taxonomy":"category","embeddable":true,"href":"https:\/\/colosalinforma.com\/inicio\/wp-json\/wp\/v2\/categories?post=15783"},{"taxonomy":"post_tag","embeddable":true,"href":"https:\/\/colosalinforma.com\/inicio\/wp-json\/wp\/v2\/tags?post=15783"}],"curies":[{"name":"wp","href":"https:\/\/api.w.org\/{rel}","templated":true}]}}