{"id":16187,"date":"2026-02-21T15:38:25","date_gmt":"2026-02-21T21:38:25","guid":{"rendered":"https:\/\/colosalinforma.com\/inicio\/?p=16187"},"modified":"2026-02-21T15:38:25","modified_gmt":"2026-02-21T21:38:25","slug":"la-salsa-esta-de-luto-fallece-willie-colon","status":"publish","type":"post","link":"https:\/\/colosalinforma.com\/inicio\/la-salsa-esta-de-luto-fallece-willie-colon\/","title":{"rendered":"La salsa est\u00e1 de luto: fallece Willie Col\u00f3n"},"content":{"rendered":"<h4 data-start=\"196\" data-end=\"443\">La m\u00fasica latina est\u00e1 de luto tras el fallecimiento del ic\u00f3nico salsero, trombonista y productor <strong data-start=\"293\" data-end=\"309\">Willie Col\u00f3n<\/strong>, de <strong data-start=\"314\" data-end=\"325\">75 a\u00f1os<\/strong>, informaron sus familiares este <strong data-start=\"358\" data-end=\"390\">s\u00e1bado 21 de febrero de 2026<\/strong> por la ma\u00f1ana.<\/h4>\n<p data-start=\"445\" data-end=\"681\"><span style=\"color: #000000;\">Seg\u00fan el comunicado publicado por sus seres queridos en las cuentas oficiales del artista, Col\u00f3n \u2014nacido <strong data-start=\"550\" data-end=\"581\">William Anthony Col\u00f3n Rom\u00e1n<\/strong>\u2014 muri\u00f3 \u201c<strong data-start=\"590\" data-end=\"641\">en paz esta ma\u00f1ana, rodeado de su amada familia<\/strong>\u201d.<\/span><\/p>\n<p data-start=\"683\" data-end=\"998\"><span style=\"color: #000000;\">Reconocido como uno de los pioneros y figuras m\u00e1s influyentes de la salsa a nivel mundial, Col\u00f3n destac\u00f3 no solo como int\u00e9rprete sino tambi\u00e9n como compositor y productor. A lo largo de su trayectoria dej\u00f3 una huella profunda en el g\u00e9nero con cl\u00e1sicos que marcaron generaciones.<\/span><\/p>\n<p data-start=\"1000\" data-end=\"1179\"><span style=\"color: #000000;\">La noticia de su fallecimiento ha generado reacciones en el \u00e1mbito musical y cultural debido al impacto que tuvo su obra en la m\u00fasica latina.<\/span><\/p>\n","protected":false},"excerpt":{"rendered":"<p>La m\u00fasica latina est\u00e1 de luto tras el fallecimiento del ic\u00f3nico salsero, trombonista y productor Willie Col\u00f3n, de 75 a\u00f1os, informaron sus familiares este s\u00e1bado 21 de febrero de 2026 por la ma\u00f1ana. Seg\u00fan el comunicado publicado por sus seres queridos en las cuentas oficiales del artista, Col\u00f3n \u2014nacido William Anthony Col\u00f3n Rom\u00e1n\u2014 muri\u00f3 \u201cen paz esta ma\u00f1ana, rodeado de su amada familia\u201d. Reconocido como uno de los pioneros y figuras m\u00e1s influyentes de la salsa a nivel mundial, Col\u00f3n destac\u00f3 no solo como int\u00e9rprete sino tambi\u00e9n como compositor y productor. A lo largo de su trayectoria dej\u00f3 una huella&#8230;<\/p>\n","protected":false},"author":2,"featured_media":16190,"comment_status":"open","ping_status":"open","sticky":false,"template":"","format":"standard","meta":{"_acf_changed":false,"footnotes":""},"categories":[41],"tags":[],"class_list":["post-16187","post","type-post","status-publish","format-standard","has-post-thumbnail","hentry","category-entretenimiento"],"acf":[],"aioseo_notices":[],"_links":{"self":[{"href":"https:\/\/colosalinforma.com\/inicio\/wp-json\/wp\/v2\/posts\/16187","targetHints":{"allow":["GET"]}}],"collection":[{"href":"https:\/\/colosalinforma.com\/inicio\/wp-json\/wp\/v2\/posts"}],"about":[{"href":"https:\/\/colosalinforma.com\/inicio\/wp-json\/wp\/v2\/types\/post"}],"author":[{"embeddable":true,"href":"https:\/\/colosalinforma.com\/inicio\/wp-json\/wp\/v2\/users\/2"}],"replies":[{"embeddable":true,"href":"https:\/\/colosalinforma.com\/inicio\/wp-json\/wp\/v2\/comments?post=16187"}],"version-history":[{"count":1,"href":"https:\/\/colosalinforma.com\/inicio\/wp-json\/wp\/v2\/posts\/16187\/revisions"}],"predecessor-version":[{"id":16191,"href":"https:\/\/colosalinforma.com\/inicio\/wp-json\/wp\/v2\/posts\/16187\/revisions\/16191"}],"wp:featuredmedia":[{"embeddable":true,"href":"https:\/\/colosalinforma.com\/inicio\/wp-json\/wp\/v2\/media\/16190"}],"wp:attachment":[{"href":"https:\/\/colosalinforma.com\/inicio\/wp-json\/wp\/v2\/media?parent=16187"}],"wp:term":[{"taxonomy":"category","embeddable":true,"href":"https:\/\/colosalinforma.com\/inicio\/wp-json\/wp\/v2\/categories?post=16187"},{"taxonomy":"post_tag","embeddable":true,"href":"https:\/\/colosalinforma.com\/inicio\/wp-json\/wp\/v2\/tags?post=16187"}],"curies":[{"name":"wp","href":"https:\/\/api.w.org\/{rel}","templated":true}]}}