{"id":16520,"date":"2026-04-27T11:44:16","date_gmt":"2026-04-27T17:44:16","guid":{"rendered":"https:\/\/colosalinforma.com\/inicio\/?p=16520"},"modified":"2026-04-27T11:44:16","modified_gmt":"2026-04-27T17:44:16","slug":"violencia-deja-dos-muertos-y-cuatro-heridos-en-distintas-provincias-del-pais","status":"publish","type":"post","link":"https:\/\/colosalinforma.com\/inicio\/violencia-deja-dos-muertos-y-cuatro-heridos-en-distintas-provincias-del-pais\/","title":{"rendered":"Violencia deja dos muertos y cuatro heridos en distintas provincias del pa\u00eds"},"content":{"rendered":"<h4 class=\"article-subheadline text_align_left\">Las autoridades judiciales investigan una serie de hechos de sangre ocurridos entre el s\u00e1bado y domingo en diferentes regiones, en los que hubo v\u00edctimas mortales y lesionados graves que requirieron traslado a hospitales del pa\u00eds.<\/h4>\n<p class=\"paragraph\"><span style=\"color: #000000;\"><b>El pa\u00eds<\/b>\u00a0enfrenta una serie de <b>hechos violentos<\/b> registrados desde la noche del s\u00e1bado 25 de abril y la madrugada de este domingo que han dejado <b>dos personas fallecidas en Limoncito de Lim\u00f3n<\/b> y al menos <b>cuatro heridos<\/b> en distintos puntos del pa\u00eds.<\/span><\/p>\n<p class=\"paragraph\"><span style=\"color: #000000;\">En <b>Limoncito, Lim\u00f3n<\/b>, el <b>Organismo de Investigaci\u00f3n Judicial (OIJ)<\/b> confirm\u00f3 que cerca de <b>las 9:00 de la noche del s\u00e1bado<\/b> dos hombres, uno de <b>22 a\u00f1os<\/b> con apellido <b>P\u00e9rez<\/b> y un menor de <b>17<\/b>, murieron tras recibir numerosos impactos de bala cuando circulaban en una bicimoto. Los atacantes abrieron fuego en repetidas ocasiones sin mediar palabras antes de escapar. En el lugar, agentes judiciales coordinaron el levantamiento de los cuerpos y recopilaron <b>indicios bal\u00edsticos<\/b>, trasladando a las v\u00edctimas a la <b>Morgue Judicial<\/b> para autopsia. Hasta el momento, <b>no se ha informado de detenciones<\/b> vinculadas a este ataque.<\/span><\/p>\n<div class=\"visual__image\"><span style=\"color: #000000;\"><picture><source srcset=\"https:\/\/www.infobae.com\/resizer\/v2\/EYXCNPRVGFAQJJ4J4RLXURFMNY.jpg?auth=a7722ef80a013e96b80fa5f2489fda5cf0672b04c8be7dbc391b42f813962a3b&smart=true&width=992&height=709&quality=85\" media=\"(min-width: 1000px)\" \/><source srcset=\"https:\/\/www.infobae.com\/resizer\/v2\/EYXCNPRVGFAQJJ4J4RLXURFMNY.jpg?auth=a7722ef80a013e96b80fa5f2489fda5cf0672b04c8be7dbc391b42f813962a3b&smart=true&width=768&height=549&quality=85\" media=\"(min-width: 768px)\" \/><source srcset=\"https:\/\/www.infobae.com\/resizer\/v2\/EYXCNPRVGFAQJJ4J4RLXURFMNY.jpg?auth=a7722ef80a013e96b80fa5f2489fda5cf0672b04c8be7dbc391b42f813962a3b&smart=true&width=577&height=412&quality=85\" media=\"(min-width: 580px)\" \/><source srcset=\"https:\/\/www.infobae.com\/resizer\/v2\/EYXCNPRVGFAQJJ4J4RLXURFMNY.jpg?auth=a7722ef80a013e96b80fa5f2489fda5cf0672b04c8be7dbc391b42f813962a3b&smart=true&width=420&height=300&quality=85\" media=\"(min-width: 350px)\" \/><source srcset=\"https:\/\/www.infobae.com\/resizer\/v2\/EYXCNPRVGFAQJJ4J4RLXURFMNY.jpg?auth=a7722ef80a013e96b80fa5f2489fda5cf0672b04c8be7dbc391b42f813962a3b&smart=true&width=350&height=250&quality=85\" media=\"(min-width: 80px)\" \/><\/picture><\/span><\/div>\n<p class=\"paragraph\"><span style=\"color: #000000;\">El <b>an\u00e1lisis forense preliminar<\/b>, seg\u00fan el OIJ, revela que el joven mayor presentaba heridas en cabeza, espalda, t\u00f3rax, pecho y piernas, mientras que el menor de edad recibi\u00f3 disparos en la espalda y las extremidades inferiores.<\/span><\/p>\n<p class=\"paragraph\"><span style=\"color: #000000;\">Durante la madrugada, otras situaciones violentas se desencadenaron en distintas regiones. En <b>San Carlos<\/b>, a las <b>5:55 de la madrugada<\/b>, tres hombres resultaron heridos por arma blanca. Dos adultos fueron hospitalizados con traumas diversos, mientras que el tercer involucrado, aproximadamente de <b>35 a\u00f1os<\/b>, sufri\u00f3 lesiones en un brazo y el abdomen y fue reportado en condici\u00f3n cr\u00edtica en el <b>Hospital de San Carlos<\/b>.<\/span><\/p>\n<p class=\"paragraph\"><span style=\"color: #000000;\">Mientras en <b>Chacarita de Puntarenas<\/b>, en horas de la madrugada se report\u00f3 un herido por arma de fuego con lesiones en el abdomen, t\u00f3rax y extremidades. La v\u00edctima fue trasladada en estado cr\u00edtico a un centro m\u00e9dico por los equipos de emergencia, las autoridades no han esclarecido lo sucedido en dicha escena.<\/span><\/p>\n<div class=\"visual__image\"><span style=\"color: #000000;\"><picture><source srcset=\"https:\/\/www.infobae.com\/resizer\/v2\/I4Y6CPPE4BBTDAHVGUIYOBEUDM.jpg?auth=712c37e646f9f607621ba3db731a28ab8f4a78c01da4293032005f783cab42d5&smart=true&width=992&height=744&quality=85\" media=\"(min-width: 1000px)\" \/><source srcset=\"https:\/\/www.infobae.com\/resizer\/v2\/I4Y6CPPE4BBTDAHVGUIYOBEUDM.jpg?auth=712c37e646f9f607621ba3db731a28ab8f4a78c01da4293032005f783cab42d5&smart=true&width=768&height=576&quality=85\" media=\"(min-width: 768px)\" \/><source srcset=\"https:\/\/www.infobae.com\/resizer\/v2\/I4Y6CPPE4BBTDAHVGUIYOBEUDM.jpg?auth=712c37e646f9f607621ba3db731a28ab8f4a78c01da4293032005f783cab42d5&smart=true&width=577&height=433&quality=85\" media=\"(min-width: 580px)\" \/><source srcset=\"https:\/\/www.infobae.com\/resizer\/v2\/I4Y6CPPE4BBTDAHVGUIYOBEUDM.jpg?auth=712c37e646f9f607621ba3db731a28ab8f4a78c01da4293032005f783cab42d5&smart=true&width=420&height=315&quality=85\" media=\"(min-width: 350px)\" \/><source srcset=\"https:\/\/www.infobae.com\/resizer\/v2\/I4Y6CPPE4BBTDAHVGUIYOBEUDM.jpg?auth=712c37e646f9f607621ba3db731a28ab8f4a78c01da4293032005f783cab42d5&smart=true&width=350&height=263&quality=85\" media=\"(min-width: 80px)\" \/><\/picture><\/span><\/div>\n<p class=\"paragraph\"><span style=\"color: #000000;\">Por otra parte, en <b>Llanos de Santa Luc\u00eda<\/b>, Para\u00edso de Cartago, se produjo un asalto en el que un hombre de <b>36 a\u00f1os<\/b> recibi\u00f3 varias heridas con arma blanca. Tras ser estabilizado las autoridades lo trasladaron en estado grave al <b>Hospital Max Peralta, <\/b>para ser intervenido de emergencia.<\/span><\/p>\n<p class=\"paragraph\"><span style=\"color: #000000;\">Finalmente, en <b>Concepci\u00f3n de Alajuelita<\/b>, otro hombre de <b>42 a\u00f1os<\/b> fue lesionado por disparos que impactaron en la <b>ingle y el t\u00f3rax<\/b>. Los servicios de emergencia lo llevaron en condici\u00f3n cr\u00edtica al <b>Hospital San Juan de Dios.<\/b><\/span><\/p>\n<p class=\"paragraph\"><span style=\"color: #000000;\">Estos hechos registrados la noche del s\u00e1bado y la madrugada del domingo evidencian un aumento en la violencia en diversas localidades, con la intervenci\u00f3n del OIJ, las autoridades policiales contin\u00faan investigando las causas del incremento en dicha ola de violencia que esta afectadno diferentes provincias.<\/span><\/p>\n","protected":false},"excerpt":{"rendered":"<p>Las autoridades judiciales investigan una serie de hechos de sangre ocurridos entre el s\u00e1bado y domingo en diferentes regiones, en los que hubo v\u00edctimas mortales y lesionados graves que requirieron traslado a hospitales del pa\u00eds. El pa\u00eds\u00a0enfrenta una serie de hechos violentos registrados desde la noche del s\u00e1bado 25 de abril y la madrugada de este domingo que han dejado dos personas fallecidas en Limoncito de Lim\u00f3n y al menos cuatro heridos en distintos puntos del pa\u00eds. En Limoncito, Lim\u00f3n, el Organismo de Investigaci\u00f3n Judicial (OIJ) confirm\u00f3 que cerca de las 9:00 de la noche del s\u00e1bado dos hombres, uno&#8230;<\/p>\n","protected":false},"author":2,"featured_media":16525,"comment_status":"open","ping_status":"open","sticky":false,"template":"","format":"standard","meta":{"_acf_changed":false,"footnotes":""},"categories":[32],"tags":[],"class_list":["post-16520","post","type-post","status-publish","format-standard","has-post-thumbnail","hentry","category-nacionales"],"acf":[],"aioseo_notices":[],"_links":{"self":[{"href":"https:\/\/colosalinforma.com\/inicio\/wp-json\/wp\/v2\/posts\/16520","targetHints":{"allow":["GET"]}}],"collection":[{"href":"https:\/\/colosalinforma.com\/inicio\/wp-json\/wp\/v2\/posts"}],"about":[{"href":"https:\/\/colosalinforma.com\/inicio\/wp-json\/wp\/v2\/types\/post"}],"author":[{"embeddable":true,"href":"https:\/\/colosalinforma.com\/inicio\/wp-json\/wp\/v2\/users\/2"}],"replies":[{"embeddable":true,"href":"https:\/\/colosalinforma.com\/inicio\/wp-json\/wp\/v2\/comments?post=16520"}],"version-history":[{"count":1,"href":"https:\/\/colosalinforma.com\/inicio\/wp-json\/wp\/v2\/posts\/16520\/revisions"}],"predecessor-version":[{"id":16526,"href":"https:\/\/colosalinforma.com\/inicio\/wp-json\/wp\/v2\/posts\/16520\/revisions\/16526"}],"wp:featuredmedia":[{"embeddable":true,"href":"https:\/\/colosalinforma.com\/inicio\/wp-json\/wp\/v2\/media\/16525"}],"wp:attachment":[{"href":"https:\/\/colosalinforma.com\/inicio\/wp-json\/wp\/v2\/media?parent=16520"}],"wp:term":[{"taxonomy":"category","embeddable":true,"href":"https:\/\/colosalinforma.com\/inicio\/wp-json\/wp\/v2\/categories?post=16520"},{"taxonomy":"post_tag","embeddable":true,"href":"https:\/\/colosalinforma.com\/inicio\/wp-json\/wp\/v2\/tags?post=16520"}],"curies":[{"name":"wp","href":"https:\/\/api.w.org\/{rel}","templated":true}]}}