{"id":16571,"date":"2026-04-29T13:55:51","date_gmt":"2026-04-29T19:55:51","guid":{"rendered":"https:\/\/colosalinforma.com\/inicio\/?p=16571"},"modified":"2026-04-29T13:55:51","modified_gmt":"2026-04-29T19:55:51","slug":"con-22-diputados-ausentes-congreso-deja-sin-sancion-por-acoso-sexual-a-fabricio-alvarado","status":"publish","type":"post","link":"https:\/\/colosalinforma.com\/inicio\/con-22-diputados-ausentes-congreso-deja-sin-sancion-por-acoso-sexual-a-fabricio-alvarado\/","title":{"rendered":"Con 22 diputados ausentes, Congreso deja sin sanci\u00f3n por acoso sexual a Fabricio Alvarado"},"content":{"rendered":"<h4 data-start=\"128\" data-end=\"371\"><span style=\"color: #000000;\">El plenario de la Asamblea Legislativa no logr\u00f3 sesionar este martes debido a la falta de qu\u00f3rum en su \u00faltima jornada de trabajo. Solo 35 de los 57 diputados acudieron, por debajo del m\u00ednimo requerido de 38 legisladores para iniciar la sesi\u00f3n.<\/span><\/h4>\n<p data-start=\"373\" data-end=\"756\"><span style=\"color: #000000;\">La ausencia impidi\u00f3 discutir la eventual sanci\u00f3n contra el diputado <span class=\"hover:entity-accent entity-underline inline cursor-pointer align-baseline\"><span class=\"whitespace-normal\">Fabricio Alvarado<\/span><\/span>, quien fue denunciado por acoso sexual por la exdiputada <span class=\"hover:entity-accent entity-underline inline cursor-pointer align-baseline\"><span class=\"whitespace-normal\">Marulin Azofeifa<\/span><\/span>. Azofeifa, quien se desempe\u00f1\u00f3 como asesora dentro de la fracci\u00f3n de Alvarado durante los \u00faltimos cuatro a\u00f1os, tambi\u00e9n present\u00f3 una denuncia en la v\u00eda penal, la cual sigue en proceso.<\/span><\/p>\n<p data-start=\"758\" data-end=\"1156\"><span style=\"color: #000000;\">Entre quienes no asistieron a la sesi\u00f3n se encontraban legisladores del oficialismo, del grupo af\u00edn a Alvarado, independientes, as\u00ed como representantes del Partido Liberaci\u00f3n Nacional y del Partido Unidad Social Cristiana. Algunos de estos diputados se encontraban en el Pac\u00edfico Central junto al presidente <span class=\"hover:entity-accent entity-underline inline cursor-pointer align-baseline\"><span class=\"whitespace-normal\">Rodrigo Chaves<\/span><\/span>, sin contar con autorizaci\u00f3n formal para ausentarse.<\/span><\/p>\n<p data-start=\"1158\" data-end=\"1525\"><span style=\"color: #000000;\">La falta de qu\u00f3rum impide que se aplique una eventual sanci\u00f3n pol\u00edtica contra Alvarado, la cual habr\u00eda sido la primera de este tipo en el Congreso por un caso de acoso sexual, tras la reforma aprobada en 2021. Dado que el proceso quedar\u00eda en manos del pr\u00f3ximo periodo legislativo, la sanci\u00f3n ya no podr\u00eda ejecutarse, ya que solo procede contra diputados en funciones.<\/span><\/p>\n<p data-start=\"1527\" data-end=\"1900\"><span style=\"color: #000000;\">Una situaci\u00f3n similar ocurri\u00f3 el lunes anterior, cuando la diputada <span class=\"hover:entity-accent entity-underline inline cursor-pointer align-baseline\"><span class=\"whitespace-normal\">Pilar Cisneros<\/span><\/span>, junto con la bancada oficialista, legisladores afines a Alvarado y otros congresistas, contribuyeron a romper el qu\u00f3rum, evitando as\u00ed la votaci\u00f3n sobre la sanci\u00f3n. Tras ese episodio, la denunciante manifest\u00f3 que la responsabilidad moral reca\u00eda en el propio Alvarado.<\/span><\/p>\n<p data-start=\"1902\" data-end=\"2167\"><span style=\"color: #000000;\">El caso fue analizado por una comisi\u00f3n integrada por cinco diputados, la cual recibi\u00f3 testimonios y elabor\u00f3 distintos informes. Dos de ellos recomendaban aplicar una sanci\u00f3n, mientras que un tercero, respaldado por el oficialismo, suger\u00eda no imponer ninguna medida.<\/span><\/p>\n<h4 data-section-id=\"1yf0fam\" data-start=\"2169\" data-end=\"2195\"><span style=\"color: #000000;\">Proyectos sin resolver<\/span><\/h4>\n<p data-start=\"2197\" data-end=\"2691\"><span style=\"color: #000000;\">La falta de asistencia tambi\u00e9n impidi\u00f3 avanzar con 24 proyectos de ley que deb\u00edan votarse en segundo y \u00faltimo debate. Entre ellos figuraba un cr\u00e9dito por 800 millones de d\u00f3lares destinado al proyecto del Tren R\u00e1pido de Pasajeros (TRP), conocido como \u201cTibi\u201d, para la Gran \u00c1rea Metropolitana (GAM). Este plan contempla financiamiento mediante pr\u00e9stamos del Banco Centroamericano de Integraci\u00f3n Econ\u00f3mica (BCIE) y del Banco Europeo de Inversiones (BEI), para desarrollar y operar las l\u00edneas 1 y 2.<\/span><\/p>\n<p data-start=\"2693\" data-end=\"2924\"><span style=\"color: #000000;\">El cierre del periodo legislativo queda marcado por un hecho inusual: en la historia reciente del Congreso costarricense no se registraban casos en los que la Asamblea dejara de sesionar por falta de qu\u00f3rum en sus dos \u00faltimos d\u00edas.<\/span><\/p>\n<p data-start=\"2926\" data-end=\"3161\"><span style=\"color: #000000;\">La reiterada ausencia de diputados en esta etapa final no solo fren\u00f3 el avance de una agenda legislativa con temas relevantes, sino que tambi\u00e9n impidi\u00f3 cerrar formalmente el periodo constitucional, dejando m\u00faltiples asuntos pendientes.<\/span><\/p>\n<p data-start=\"3163\" data-end=\"3482\"><span style=\"color: #000000;\">Aunque el mandato de los actuales legisladores concluye oficialmente el 30 de abril, el Congreso hab\u00eda aprobado una moci\u00f3n para adelantar la \u00faltima sesi\u00f3n al martes 28, con el objetivo de facilitar la organizaci\u00f3n previa al 1 de mayo, fecha en la que asumir\u00e1n los nuevos diputados correspondientes al periodo 2026-2030.<\/span><\/p>\n<p data-start=\"3484\" data-end=\"3631\" data-is-last-node=\"\" data-is-only-node=\"\"><span style=\"color: #000000;\">De esta manera, el cierre del actual Congreso queda caracterizado por la falta de consensos y la imposibilidad de sesionar en sus jornadas finales.<\/span><\/p>\n","protected":false},"excerpt":{"rendered":"<p>El plenario de la Asamblea Legislativa no logr\u00f3 sesionar este martes debido a la falta de qu\u00f3rum en su \u00faltima jornada de trabajo. Solo 35 de los 57 diputados acudieron, por debajo del m\u00ednimo requerido de 38 legisladores para iniciar la sesi\u00f3n. La ausencia impidi\u00f3 discutir la eventual sanci\u00f3n contra el diputado Fabricio Alvarado, quien fue denunciado por acoso sexual por la exdiputada Marulin Azofeifa. Azofeifa, quien se desempe\u00f1\u00f3 como asesora dentro de la fracci\u00f3n de Alvarado durante los \u00faltimos cuatro a\u00f1os, tambi\u00e9n present\u00f3 una denuncia en la v\u00eda penal, la cual sigue en proceso. Entre quienes no asistieron a&#8230;<\/p>\n","protected":false},"author":2,"featured_media":16574,"comment_status":"open","ping_status":"open","sticky":false,"template":"","format":"standard","meta":{"_acf_changed":false,"footnotes":""},"categories":[32],"tags":[],"class_list":["post-16571","post","type-post","status-publish","format-standard","has-post-thumbnail","hentry","category-nacionales"],"acf":[],"aioseo_notices":[],"_links":{"self":[{"href":"https:\/\/colosalinforma.com\/inicio\/wp-json\/wp\/v2\/posts\/16571","targetHints":{"allow":["GET"]}}],"collection":[{"href":"https:\/\/colosalinforma.com\/inicio\/wp-json\/wp\/v2\/posts"}],"about":[{"href":"https:\/\/colosalinforma.com\/inicio\/wp-json\/wp\/v2\/types\/post"}],"author":[{"embeddable":true,"href":"https:\/\/colosalinforma.com\/inicio\/wp-json\/wp\/v2\/users\/2"}],"replies":[{"embeddable":true,"href":"https:\/\/colosalinforma.com\/inicio\/wp-json\/wp\/v2\/comments?post=16571"}],"version-history":[{"count":1,"href":"https:\/\/colosalinforma.com\/inicio\/wp-json\/wp\/v2\/posts\/16571\/revisions"}],"predecessor-version":[{"id":16575,"href":"https:\/\/colosalinforma.com\/inicio\/wp-json\/wp\/v2\/posts\/16571\/revisions\/16575"}],"wp:featuredmedia":[{"embeddable":true,"href":"https:\/\/colosalinforma.com\/inicio\/wp-json\/wp\/v2\/media\/16574"}],"wp:attachment":[{"href":"https:\/\/colosalinforma.com\/inicio\/wp-json\/wp\/v2\/media?parent=16571"}],"wp:term":[{"taxonomy":"category","embeddable":true,"href":"https:\/\/colosalinforma.com\/inicio\/wp-json\/wp\/v2\/categories?post=16571"},{"taxonomy":"post_tag","embeddable":true,"href":"https:\/\/colosalinforma.com\/inicio\/wp-json\/wp\/v2\/tags?post=16571"}],"curies":[{"name":"wp","href":"https:\/\/api.w.org\/{rel}","templated":true}]}}