{"id":2160,"date":"2024-05-20T16:56:28","date_gmt":"2024-05-20T16:56:28","guid":{"rendered":"https:\/\/colosalinforma.com\/inicio\/?p=2160"},"modified":"2024-05-20T16:56:28","modified_gmt":"2024-05-20T16:56:28","slug":"imn-pronostica-entrada-del-invierno-de-manera-definitiva","status":"publish","type":"post","link":"https:\/\/colosalinforma.com\/inicio\/imn-pronostica-entrada-del-invierno-de-manera-definitiva\/","title":{"rendered":"IMN Pronostica Entrada Del Invierno De Manera Definitiva"},"content":{"rendered":"<div class=\"boldgrid-section\">\n<div class=\"container\">\n<div class=\"row\">\n<div class=\"col-lg-12 col-md-12 col-xs-12 col-sm-12\">\n<p>Para este inicio de semana, el Instituto Meteorol\u00f3gicas Nacional (IMN) pronostica la entrada de la \u00e9poca lluviosa de manera definitiva.<\/p>\n<p>El IMN afirma que se prev\u00e9 un entorno atmosf\u00e9rico m\u00e1s inestable sobre el pa\u00eds, en comparaci\u00f3n con la semana anterior.<\/p>\n<p>Ante esto, se estar\u00eda favoreciendo la presencia de lluvias durante estos d\u00edas.<\/p>\n<p>Durante este lunes se espera la formaci\u00f3n de tormentas en los sectores mar\u00edtimos cercanos al pa\u00eds, por lo que existe la posibilidad de lluvias desde tempranas horas en el Caribe Sur y Caribe Sur.<\/p>\n<p>Por su parte, para la tarde se concentrar\u00edan sobre los sectores monta\u00f1osos del territorio nacional.<\/p>\n<\/div>\n<\/div>\n<\/div>\n<\/div>\n","protected":false},"excerpt":{"rendered":"<p>Para este inicio de semana, el Instituto Meteorol\u00f3gicas Nacional (IMN) pronostica la entrada de la \u00e9poca lluviosa de manera definitiva. El IMN afirma que se prev\u00e9 un entorno atmosf\u00e9rico m\u00e1s inestable sobre el pa\u00eds, en comparaci\u00f3n con la semana anterior. Ante esto, se estar\u00eda favoreciendo la presencia de lluvias durante estos d\u00edas. Durante este lunes se espera la formaci\u00f3n de tormentas en los sectores mar\u00edtimos cercanos al pa\u00eds, por lo que existe la posibilidad de lluvias desde tempranas horas en el Caribe Sur y Caribe Sur. Por su parte, para la tarde se concentrar\u00edan sobre los sectores monta\u00f1osos del territorio&#8230;<\/p>\n","protected":false},"author":4,"featured_media":2171,"comment_status":"open","ping_status":"open","sticky":false,"template":"","format":"standard","meta":{"_acf_changed":false,"footnotes":""},"categories":[32],"tags":[],"class_list":["post-2160","post","type-post","status-publish","format-standard","has-post-thumbnail","hentry","category-nacionales"],"acf":[],"aioseo_notices":[],"_links":{"self":[{"href":"https:\/\/colosalinforma.com\/inicio\/wp-json\/wp\/v2\/posts\/2160","targetHints":{"allow":["GET"]}}],"collection":[{"href":"https:\/\/colosalinforma.com\/inicio\/wp-json\/wp\/v2\/posts"}],"about":[{"href":"https:\/\/colosalinforma.com\/inicio\/wp-json\/wp\/v2\/types\/post"}],"author":[{"embeddable":true,"href":"https:\/\/colosalinforma.com\/inicio\/wp-json\/wp\/v2\/users\/4"}],"replies":[{"embeddable":true,"href":"https:\/\/colosalinforma.com\/inicio\/wp-json\/wp\/v2\/comments?post=2160"}],"version-history":[{"count":1,"href":"https:\/\/colosalinforma.com\/inicio\/wp-json\/wp\/v2\/posts\/2160\/revisions"}],"predecessor-version":[{"id":2172,"href":"https:\/\/colosalinforma.com\/inicio\/wp-json\/wp\/v2\/posts\/2160\/revisions\/2172"}],"wp:featuredmedia":[{"embeddable":true,"href":"https:\/\/colosalinforma.com\/inicio\/wp-json\/wp\/v2\/media\/2171"}],"wp:attachment":[{"href":"https:\/\/colosalinforma.com\/inicio\/wp-json\/wp\/v2\/media?parent=2160"}],"wp:term":[{"taxonomy":"category","embeddable":true,"href":"https:\/\/colosalinforma.com\/inicio\/wp-json\/wp\/v2\/categories?post=2160"},{"taxonomy":"post_tag","embeddable":true,"href":"https:\/\/colosalinforma.com\/inicio\/wp-json\/wp\/v2\/tags?post=2160"}],"curies":[{"name":"wp","href":"https:\/\/api.w.org\/{rel}","templated":true}]}}