{"id":2363,"date":"2024-05-21T17:28:38","date_gmt":"2024-05-21T17:28:38","guid":{"rendered":"https:\/\/colosalinforma.com\/inicio\/?p=2363"},"modified":"2024-05-21T17:28:38","modified_gmt":"2024-05-21T17:28:38","slug":"adios-de-una-leyenda-toni-kroos-anuncia-que-se-retirara-despues-de-la-eurocopa","status":"publish","type":"post","link":"https:\/\/colosalinforma.com\/inicio\/adios-de-una-leyenda-toni-kroos-anuncia-que-se-retirara-despues-de-la-eurocopa\/","title":{"rendered":"\u00a1Adi\u00f3s De Una Leyenda! Toni Kroos Anuncia Que Se Retirar\u00e1 Despu\u00e9s De La Eurocopa."},"content":{"rendered":"<div class=\"boldgrid-section\">\n<div class=\"container\">\n<div class=\"row\">\n<div class=\"col-lg-12 col-md-12 col-xs-12 col-sm-12\">\n<p class=\"\">Toni Kroos, el centrocampista alem\u00e1n del Real Madrid, anunci\u00f3 en un comunicado publicado en Instagram que pondr\u00e1 fin a su carrera este verano boreal despu\u00e9s de la Eurocopa-2024.<\/p>\n<p class=\"\">Su carrera como jugador de f\u00fatbol en activo finalizar\u00e1 este verano, tras la finalizaci\u00f3n de la Eurocopa. El jugador alem\u00e1n de 34 a\u00f1os escribi\u00f3:<strong>\u00a0\u00abComo siempre he dicho, el Real Madrid es y ser\u00e1 mi \u00faltimo club\u00bb<\/strong>, asegurando que su objetivo siempre ha sido\u00a0<strong>\u00abterminar mi carrera en la cima de mi nivel\u00bb<\/strong>.<\/p>\n<p class=\"\">\u00a0<\/p>\n<p>El campe\u00f3n del mundo en 2014 afirma que solo tiene\u00a0<strong>\u00abun pensamiento principal\u00bb<\/strong>\u00a0ganar la 15a Liga de Campeones del Real Madrid, lo que ser\u00eda su sexta personal despu\u00e9s de ganar cuatro veces con el Real Madrid (2016, 2017, 2022 y 2024) y una vez con el Bayern M\u00fanich (2013).<\/p>\n<p>El Real Madrid manifest\u00f3 su gratitud y afecto hacia Toni Kroos, quien ha sido parte de la historia del club y es una de las grandes figuras del f\u00fatbol mundial y de nuestro club. El club elogi\u00f3 a Kroos, quien ha logrado 22 campeonatos y ha jugado 463 partidos con el equipo merengue.<\/p>\n<\/div>\n<\/div>\n<\/div>\n<\/div>\n","protected":false},"excerpt":{"rendered":"<p>Toni Kroos, el centrocampista alem\u00e1n del Real Madrid, anunci\u00f3 en un comunicado publicado en Instagram que pondr\u00e1 fin a su carrera este verano boreal despu\u00e9s de la Eurocopa-2024. Su carrera como jugador de f\u00fatbol en activo finalizar\u00e1 este verano, tras la finalizaci\u00f3n de la Eurocopa. El jugador alem\u00e1n de 34 a\u00f1os escribi\u00f3:\u00a0\u00abComo siempre he dicho, el Real Madrid es y ser\u00e1 mi \u00faltimo club\u00bb, asegurando que su objetivo siempre ha sido\u00a0\u00abterminar mi carrera en la cima de mi nivel\u00bb. \u00a0 El campe\u00f3n del mundo en 2014 afirma que solo tiene\u00a0\u00abun pensamiento principal\u00bb\u00a0ganar la 15a Liga de Campeones del Real Madrid,&#8230;<\/p>\n","protected":false},"author":4,"featured_media":2372,"comment_status":"open","ping_status":"open","sticky":false,"template":"","format":"standard","meta":{"_acf_changed":false,"footnotes":""},"categories":[34],"tags":[],"class_list":["post-2363","post","type-post","status-publish","format-standard","has-post-thumbnail","hentry","category-deportes"],"acf":[],"aioseo_notices":[],"_links":{"self":[{"href":"https:\/\/colosalinforma.com\/inicio\/wp-json\/wp\/v2\/posts\/2363","targetHints":{"allow":["GET"]}}],"collection":[{"href":"https:\/\/colosalinforma.com\/inicio\/wp-json\/wp\/v2\/posts"}],"about":[{"href":"https:\/\/colosalinforma.com\/inicio\/wp-json\/wp\/v2\/types\/post"}],"author":[{"embeddable":true,"href":"https:\/\/colosalinforma.com\/inicio\/wp-json\/wp\/v2\/users\/4"}],"replies":[{"embeddable":true,"href":"https:\/\/colosalinforma.com\/inicio\/wp-json\/wp\/v2\/comments?post=2363"}],"version-history":[{"count":2,"href":"https:\/\/colosalinforma.com\/inicio\/wp-json\/wp\/v2\/posts\/2363\/revisions"}],"predecessor-version":[{"id":2373,"href":"https:\/\/colosalinforma.com\/inicio\/wp-json\/wp\/v2\/posts\/2363\/revisions\/2373"}],"wp:featuredmedia":[{"embeddable":true,"href":"https:\/\/colosalinforma.com\/inicio\/wp-json\/wp\/v2\/media\/2372"}],"wp:attachment":[{"href":"https:\/\/colosalinforma.com\/inicio\/wp-json\/wp\/v2\/media?parent=2363"}],"wp:term":[{"taxonomy":"category","embeddable":true,"href":"https:\/\/colosalinforma.com\/inicio\/wp-json\/wp\/v2\/categories?post=2363"},{"taxonomy":"post_tag","embeddable":true,"href":"https:\/\/colosalinforma.com\/inicio\/wp-json\/wp\/v2\/tags?post=2363"}],"curies":[{"name":"wp","href":"https:\/\/api.w.org\/{rel}","templated":true}]}}