{"id":2420,"date":"2024-05-21T19:53:52","date_gmt":"2024-05-21T19:53:52","guid":{"rendered":"https:\/\/colosalinforma.com\/inicio\/?p=2420"},"modified":"2024-05-21T19:55:52","modified_gmt":"2024-05-21T19:55:52","slug":"regresara-johnny-depp-a-piratas-del-caribe","status":"publish","type":"post","link":"https:\/\/colosalinforma.com\/inicio\/regresara-johnny-depp-a-piratas-del-caribe\/","title":{"rendered":"\u00bfRegresar\u00e1 Johnny Depp A Piratas Del Caribe?"},"content":{"rendered":"<div class=\"boldgrid-section\">\n<div class=\"container\">\n<div class=\"row\">\n<div class=\"col-lg-12 col-md-12 col-xs-12 col-sm-12\">\n<p class=\"\">La saga <i>Piratas del Caribe<\/i><i> <\/i>estren\u00f3 su \u00faltima pel\u00edcula hace siete a\u00f1os y el futuro de la franquicia ha sido incierto durante mucho tiempo. Todo ha tenido que ver, entre otras cosas, con las sentencias judiciales de Johnny Depp, el encargado de dar vida a<b> Jack Sparrow<\/b>. No obstante, el productor Jerry Bruckheimer ha dejado la puerta abierta al regreso del actor.<\/p>\n<p class=\"\">Depp <b>perdi\u00f3 un juicio por difamaci\u00f3n en Reino Unido en el a\u00f1o 2020<\/b>. El actor demand\u00f3 al tabloide <i>The Sun<\/i> por llamarle \u00abgolpeador de esposas\u00bb y la sentencia estableci\u00f3 que es \u00absustancialmente correcto\u00bb llamarle as\u00ed. En 2022, por otro lado, gan\u00f3 el juicio por difamaci\u00f3n en Estados Unidos contra su exmujer Amber Heard. La actriz denunci\u00f3 a Depp en 2016 por abuso f\u00edsico y verbal y m\u00e1s tarde escribi\u00f3 un art\u00edculo de opini\u00f3n en el que hablaba sobre su experiencia como superviviente de violencia dom\u00e9stica.<\/p>\n<p class=\"\">Bruckheimer ha confirmado en una entrevista con <i>ET <\/i>que ha mantenido conversaciones con Dpep para volver como Jack Sparrow:<\/p>\n<blockquote class=\"\">\n<p class=\"\">Si fuese por m\u00ed, por supuesto. Adoro tener a Depp. Es un gran actor y un buen amigo\u2026 He hablado con \u00e9l, pero ya veremos qu\u00e9 pasa<\/p>\n<\/blockquote>\n<p class=\"\">Las \u00faltimas noticias sobre <i>Piratas del Caribe<\/i> son que la siguiente pel\u00edcula de la saga, <i>Piratas del Caribe 6<\/i>, ser\u00e1 un \u2018reboot\u2019. <b>\u00abVamos a hacer un \u2018reboot\u2019 de Piratas, as\u00ed que eso es m\u00e1s f\u00e1cil de hacer porque no tienes que esperar a ciertos actores\u00bb<\/b>, dijo el productor en <i>CBM <\/i>el pasado mes de marzo.<\/p>\n<p class=\"\">Aunque el siguiente cap\u00edtulo sea un \u2018reboot\u2019, Depp podr\u00eda tener un cameo como su personaje en la saga. No obstante, habr\u00eda que ver qu\u00e9 repercusi\u00f3n en la franquicia podr\u00eda tener su regreso.<\/p>\n<\/div>\n<\/div>\n<\/div>\n<\/div>\n","protected":false},"excerpt":{"rendered":"<p>La saga Piratas del Caribe estren\u00f3 su \u00faltima pel\u00edcula hace siete a\u00f1os y el futuro de la franquicia ha sido incierto durante mucho tiempo. Todo ha tenido que ver, entre otras cosas, con las sentencias judiciales de Johnny Depp, el encargado de dar vida a Jack Sparrow. No obstante, el productor Jerry Bruckheimer ha dejado la puerta abierta al regreso del actor. Depp perdi\u00f3 un juicio por difamaci\u00f3n en Reino Unido en el a\u00f1o 2020. El actor demand\u00f3 al tabloide The Sun por llamarle \u00abgolpeador de esposas\u00bb y la sentencia estableci\u00f3 que es \u00absustancialmente correcto\u00bb llamarle as\u00ed. En 2022, por&#8230;<\/p>\n","protected":false},"author":2,"featured_media":2425,"comment_status":"open","ping_status":"open","sticky":false,"template":"","format":"standard","meta":{"_acf_changed":false,"footnotes":""},"categories":[41],"tags":[],"class_list":["post-2420","post","type-post","status-publish","format-standard","has-post-thumbnail","hentry","category-entretenimiento"],"acf":[],"aioseo_notices":[],"_links":{"self":[{"href":"https:\/\/colosalinforma.com\/inicio\/wp-json\/wp\/v2\/posts\/2420","targetHints":{"allow":["GET"]}}],"collection":[{"href":"https:\/\/colosalinforma.com\/inicio\/wp-json\/wp\/v2\/posts"}],"about":[{"href":"https:\/\/colosalinforma.com\/inicio\/wp-json\/wp\/v2\/types\/post"}],"author":[{"embeddable":true,"href":"https:\/\/colosalinforma.com\/inicio\/wp-json\/wp\/v2\/users\/2"}],"replies":[{"embeddable":true,"href":"https:\/\/colosalinforma.com\/inicio\/wp-json\/wp\/v2\/comments?post=2420"}],"version-history":[{"count":1,"href":"https:\/\/colosalinforma.com\/inicio\/wp-json\/wp\/v2\/posts\/2420\/revisions"}],"predecessor-version":[{"id":2424,"href":"https:\/\/colosalinforma.com\/inicio\/wp-json\/wp\/v2\/posts\/2420\/revisions\/2424"}],"wp:featuredmedia":[{"embeddable":true,"href":"https:\/\/colosalinforma.com\/inicio\/wp-json\/wp\/v2\/media\/2425"}],"wp:attachment":[{"href":"https:\/\/colosalinforma.com\/inicio\/wp-json\/wp\/v2\/media?parent=2420"}],"wp:term":[{"taxonomy":"category","embeddable":true,"href":"https:\/\/colosalinforma.com\/inicio\/wp-json\/wp\/v2\/categories?post=2420"},{"taxonomy":"post_tag","embeddable":true,"href":"https:\/\/colosalinforma.com\/inicio\/wp-json\/wp\/v2\/tags?post=2420"}],"curies":[{"name":"wp","href":"https:\/\/api.w.org\/{rel}","templated":true}]}}