{"id":2479,"date":"2024-05-22T15:02:54","date_gmt":"2024-05-22T15:02:54","guid":{"rendered":"https:\/\/colosalinforma.com\/inicio\/?p=2479"},"modified":"2024-05-22T15:02:54","modified_gmt":"2024-05-22T15:02:54","slug":"claudio-ranieri-se-retira-del-futbol","status":"publish","type":"post","link":"https:\/\/colosalinforma.com\/inicio\/claudio-ranieri-se-retira-del-futbol\/","title":{"rendered":"Claudio Ranieri Se Retira Del F\u00fatbol"},"content":{"rendered":"<div class=\"boldgrid-section\">\n<div class=\"container\">\n<div class=\"row\">\n<div class=\"col-lg-12 col-md-12 col-xs-12 col-sm-12\">\n<p class=\"\"><span class=\"x193iq5w xeuugli x13faqbe x1vvkbs x1xmvt09 x1lliihq x1s928wv xhkezso x1gmr53x x1cpjm7i x1fgarty x1943h6x xudqn12 x3x7a5m x6prxxf xvq8zen xo1l8bm xzsf02u x1yc453h\" dir=\"auto\">Ya es oficial. Claudio Ranieri dejar\u00e1 el Cagliari tras el partido del jueves contra la Fiorentina. Y tambi\u00e9n el mundo del f\u00fatbol como t\u00e9cnico. El entrenador italiano cierra el c\u00edrculo donde lo empez\u00f3: en Cerde\u00f1a. Y con la permanencia lograda la pasada jornada en Reggio Emilia. Se jubila a los 72 a\u00f1os y con el objetivo cumplido. Llevaba entrenando en el primer nivel desde 1988<\/span>.<\/p>\n<p class=\"\">El experimentado t\u00e9cnico volvi\u00f3 al club donde empez\u00f3 su carrera en los banquillos y el pasado fin de semana, en el marco de la pen\u00faltima fecha del Calcio, obtuvo el triunfo ante el <b>Sassuolo <\/b>que le permiti\u00f3 mantener en la categor\u00eda a sus dirigidos.<\/p>\n<p class=\"\">Tras pasar por equipos como Valencia, Atl\u00e9tico Madrid, AS M\u00f3naco y Chelsea, entre otros, el italiano dio el paso al Leicester, equipo que en 2016 cautiv\u00f3 al mundo al imponerse a los grandes de Inglaterra y ganar su primera y \u00fanica <b>Premier League <\/b>con figuras como <b>Ngolo Kant\u00e9, Riyad Marhez <\/b>y <b>Jaime Vardy <\/b>en la cancha, y la mano de Rainieri desde el banco.<\/p>\n<\/div>\n<\/div>\n<\/div>\n<\/div>\n","protected":false},"excerpt":{"rendered":"<p>Ya es oficial. Claudio Ranieri dejar\u00e1 el Cagliari tras el partido del jueves contra la Fiorentina. Y tambi\u00e9n el mundo del f\u00fatbol como t\u00e9cnico. El entrenador italiano cierra el c\u00edrculo donde lo empez\u00f3: en Cerde\u00f1a. Y con la permanencia lograda la pasada jornada en Reggio Emilia. Se jubila a los 72 a\u00f1os y con el objetivo cumplido. Llevaba entrenando en el primer nivel desde 1988. El experimentado t\u00e9cnico volvi\u00f3 al club donde empez\u00f3 su carrera en los banquillos y el pasado fin de semana, en el marco de la pen\u00faltima fecha del Calcio, obtuvo el triunfo ante el Sassuolo que&#8230;<\/p>\n","protected":false},"author":2,"featured_media":2482,"comment_status":"open","ping_status":"open","sticky":false,"template":"","format":"standard","meta":{"_acf_changed":false,"footnotes":""},"categories":[34],"tags":[],"class_list":["post-2479","post","type-post","status-publish","format-standard","has-post-thumbnail","hentry","category-deportes"],"acf":[],"aioseo_notices":[],"_links":{"self":[{"href":"https:\/\/colosalinforma.com\/inicio\/wp-json\/wp\/v2\/posts\/2479","targetHints":{"allow":["GET"]}}],"collection":[{"href":"https:\/\/colosalinforma.com\/inicio\/wp-json\/wp\/v2\/posts"}],"about":[{"href":"https:\/\/colosalinforma.com\/inicio\/wp-json\/wp\/v2\/types\/post"}],"author":[{"embeddable":true,"href":"https:\/\/colosalinforma.com\/inicio\/wp-json\/wp\/v2\/users\/2"}],"replies":[{"embeddable":true,"href":"https:\/\/colosalinforma.com\/inicio\/wp-json\/wp\/v2\/comments?post=2479"}],"version-history":[{"count":1,"href":"https:\/\/colosalinforma.com\/inicio\/wp-json\/wp\/v2\/posts\/2479\/revisions"}],"predecessor-version":[{"id":2483,"href":"https:\/\/colosalinforma.com\/inicio\/wp-json\/wp\/v2\/posts\/2479\/revisions\/2483"}],"wp:featuredmedia":[{"embeddable":true,"href":"https:\/\/colosalinforma.com\/inicio\/wp-json\/wp\/v2\/media\/2482"}],"wp:attachment":[{"href":"https:\/\/colosalinforma.com\/inicio\/wp-json\/wp\/v2\/media?parent=2479"}],"wp:term":[{"taxonomy":"category","embeddable":true,"href":"https:\/\/colosalinforma.com\/inicio\/wp-json\/wp\/v2\/categories?post=2479"},{"taxonomy":"post_tag","embeddable":true,"href":"https:\/\/colosalinforma.com\/inicio\/wp-json\/wp\/v2\/tags?post=2479"}],"curies":[{"name":"wp","href":"https:\/\/api.w.org\/{rel}","templated":true}]}}