{"id":4889,"date":"2024-08-14T15:08:35","date_gmt":"2024-08-14T21:08:35","guid":{"rendered":"https:\/\/colosalinforma.com\/inicio\/?p=4889"},"modified":"2024-08-14T15:08:35","modified_gmt":"2024-08-14T21:08:35","slug":"el-padre-de-lamine-yamal-apunalado-en-mataro-su-estado-es-delicado","status":"publish","type":"post","link":"https:\/\/colosalinforma.com\/inicio\/el-padre-de-lamine-yamal-apunalado-en-mataro-su-estado-es-delicado\/","title":{"rendered":"El Padre De Lamine Yamal, Apu\u00f1alado En Matar\u00f3, Su Estado Es Delicado"},"content":{"rendered":"<h4>El padre del joven futbolista del F\u00fatbol Club Barcelona (FCB) y jugador de la Selecci\u00f3n Espa\u00f1ola <strong>Lamine Yamal<\/strong> ha sido <strong>apu\u00f1alado en un parqueo<\/strong> de Matar\u00f3.<\/h4>\n<p><span style=\"color: #000000;\">Por el momento, se desconoce el contexto del incidente, pero Mounir Nasroui ha sido trasladado al hospital de Can Ruti de Badalona y su pron\u00f3stico actual <strong>es grave<\/strong>.<\/span><\/p>\n<p><span style=\"color: #000000;\">La unidad de investigaci\u00f3n de <a style=\"color: #000000;\" href=\"https:\/\/www.elconfidencial.com\/tags\/organismos\/mossos-d-esquadra-6797\/\" target=\"_self\" rel=\"noopener\">los Mossos d\u2019Esquadra<\/a> se ha hecho cargo de las primeras pesquisas para<strong> esclarecer lo ocurrido<\/strong>.<\/span><\/p>\n<p><span style=\"color: #000000;\">Fuentes conocedoras del incidente indican que es pronto para conocer lo ocurrido, pero podr\u00eda derivar de <b>una pelea anterior, con motivos desconocidos,<\/b> en la que Nasraoui se habr\u00eda visto involucrado. La periodista Mayka Navarro ha indicado que los Mossos ya han hecho las primeras detenciones y ha a\u00f1adido en RAC 1 que el padre de Yamal podr\u00eda haber recibido <b>\u201cm\u00e1s de una pu\u00f1alada\u201d<\/b>.<\/span><\/p>\n","protected":false},"excerpt":{"rendered":"<p>El padre del joven futbolista del F\u00fatbol Club Barcelona (FCB) y jugador de la Selecci\u00f3n Espa\u00f1ola Lamine Yamal ha sido apu\u00f1alado en un parqueo de Matar\u00f3. Por el momento, se desconoce el contexto del incidente, pero Mounir Nasroui ha sido trasladado al hospital de Can Ruti de Badalona y su pron\u00f3stico actual es grave. La unidad de investigaci\u00f3n de los Mossos d\u2019Esquadra se ha hecho cargo de las primeras pesquisas para esclarecer lo ocurrido. Fuentes conocedoras del incidente indican que es pronto para conocer lo ocurrido, pero podr\u00eda derivar de una pelea anterior, con motivos desconocidos, en la que Nasraoui&#8230;<\/p>\n","protected":false},"author":2,"featured_media":4897,"comment_status":"open","ping_status":"open","sticky":false,"template":"","format":"standard","meta":{"_acf_changed":false,"footnotes":""},"categories":[34],"tags":[],"class_list":["post-4889","post","type-post","status-publish","format-standard","has-post-thumbnail","hentry","category-deportes"],"acf":[],"aioseo_notices":[],"_links":{"self":[{"href":"https:\/\/colosalinforma.com\/inicio\/wp-json\/wp\/v2\/posts\/4889","targetHints":{"allow":["GET"]}}],"collection":[{"href":"https:\/\/colosalinforma.com\/inicio\/wp-json\/wp\/v2\/posts"}],"about":[{"href":"https:\/\/colosalinforma.com\/inicio\/wp-json\/wp\/v2\/types\/post"}],"author":[{"embeddable":true,"href":"https:\/\/colosalinforma.com\/inicio\/wp-json\/wp\/v2\/users\/2"}],"replies":[{"embeddable":true,"href":"https:\/\/colosalinforma.com\/inicio\/wp-json\/wp\/v2\/comments?post=4889"}],"version-history":[{"count":1,"href":"https:\/\/colosalinforma.com\/inicio\/wp-json\/wp\/v2\/posts\/4889\/revisions"}],"predecessor-version":[{"id":4898,"href":"https:\/\/colosalinforma.com\/inicio\/wp-json\/wp\/v2\/posts\/4889\/revisions\/4898"}],"wp:featuredmedia":[{"embeddable":true,"href":"https:\/\/colosalinforma.com\/inicio\/wp-json\/wp\/v2\/media\/4897"}],"wp:attachment":[{"href":"https:\/\/colosalinforma.com\/inicio\/wp-json\/wp\/v2\/media?parent=4889"}],"wp:term":[{"taxonomy":"category","embeddable":true,"href":"https:\/\/colosalinforma.com\/inicio\/wp-json\/wp\/v2\/categories?post=4889"},{"taxonomy":"post_tag","embeddable":true,"href":"https:\/\/colosalinforma.com\/inicio\/wp-json\/wp\/v2\/tags?post=4889"}],"curies":[{"name":"wp","href":"https:\/\/api.w.org\/{rel}","templated":true}]}}