{"id":5064,"date":"2024-08-28T10:30:40","date_gmt":"2024-08-28T16:30:40","guid":{"rendered":"https:\/\/colosalinforma.com\/inicio\/?p=5064"},"modified":"2024-08-28T10:30:40","modified_gmt":"2024-08-28T16:30:40","slug":"muere-el-futbolista-juan-izquierdo-jugador-que-sufrio-crisis-cardiaca-en-un-partido","status":"publish","type":"post","link":"https:\/\/colosalinforma.com\/inicio\/muere-el-futbolista-juan-izquierdo-jugador-que-sufrio-crisis-cardiaca-en-un-partido\/","title":{"rendered":"Muere El Futbolista Juan Izquierdo, Jugador Que Sufri\u00f3 Crisis Card\u00edaca En Un Partido."},"content":{"rendered":"<div class=\"boldgrid-section\">\n<div class=\"container\">\n<div class=\"row\">\n<div class=\"col-lg-12 col-md-12 col-xs-12 col-sm-12\">\n<p><span style=\"color: #000000;\">El\u00a0<strong>futbolista Juan Izquierdo<\/strong>, del\u00a0<strong>club Nacional de Uruguay,<\/strong>\u00a0<strong>muri\u00f3 en Brasil<\/strong>\u00a0este martes,\u00a0<strong>cinco d\u00edas despu\u00e9s de sufrir una crisis card\u00edaca en pleno partido<\/strong>\u00a0de la Copa Libertadores contra el Sao Paulo, inform\u00f3 el equipo uruguayo.<\/span><\/p>\n<p><span style=\"color: #000000;\"><em>\u201cCon el m\u00e1s profundo dolor e impacto en nuestros corazones, el\u00a0<strong>Club Nacional de Football comunica\u00a0<a style=\"color: #000000;\" href=\"https:\/\/www.unotv.com\/deportes\/muere-sven-goran-eriksson-exdirector-tecnico-de-la-seleccion-mexicana\/\" target=\"_blank\" rel=\"noreferrer noopener\">el fallecimiento<\/a>\u00a0de nuestro querido jugador Juan Izquierdo<\/strong>\u201c,<\/em>\u00a0se\u00f1al\u00f3 Nacional en un mensaje publicado en la red social X, que acompa\u00f1\u00f3 con una fotograf\u00eda del deportista en blanco y negro.<\/span><\/p>\n<p><span style=\"color: #000000;\"><em>\u201cExpresamos nuestras\u00a0<strong>m\u00e1s sinceras condolencias<\/strong>\u00a0a su familia, amigos, colegas y allegados. Todo Nacional est\u00e1 de luto por su p\u00e9rdida irreparable. QEPD. Juan, estar\u00e1s para siempre con nosotros\u201d,<\/em>\u00a0agreg\u00f3.<\/span><\/p>\n<p><span style=\"color: #000000;\">La Confederaci\u00f3n Sudamericana de F\u00fatbol (Conmebol) tambi\u00e9n expres\u00f3 sus condolencias y en un breve mensaje en X se\u00f1al\u00f3 que\u00a0<strong><em>\u201clamenta profundamente la partida de Juan Izquierdo\u201d.<\/em><\/strong><em>\u00a0\u201cExtendemos nuestros sentidos p\u00e9sames para sus familiares y amigos. QEPD\u201d.<\/em><\/span><\/p>\n<p class=\"\"><span style=\"color: #000000;\">Pe\u00f1arol, el archirrival de Nacional en el f\u00fatbol uruguayo, dedic\u00f3 unas palabras para expresar su congoja por el fallecimiento de Izquierdo, quien jug\u00f3 en el club carbonero en 2019.\u00a0<em>\u201c<strong>Expresamos nuestras m\u00e1s sentidas condolencias<\/strong>\u00a0y abrazamos a sus familiares, a sus amigos y al Club Nacional de Football en este momento de tanto dolor\u201d,<\/em>\u00a0se\u00f1al\u00f3 Pe\u00f1arol.<\/span><\/p>\n<p class=\"\"><span style=\"color: #000000;\">Izquierdo, de 27 a\u00f1os, se desplom\u00f3 el jueves durante el duelo\u00a0<strong>entre Nacional y el Sao Paulo por el pase a los cuartos de final de la Copa Libertadores<\/strong>, y fue trasladado r\u00e1pidamente en ambulancia desde la cancha del estadio Morumb\u00ed al cercano Hospital Israelita Albert Einstein.<\/span><\/p>\n<div class=\"code-block code-block-18\"><\/div>\n<p class=\"\"><span style=\"color: #000000;\"><em>\u201cVivimos d\u00edas de oraci\u00f3n, unidad y esperanza, y hoy estamos en profunda tristeza con la noticia del\u00a0<strong>fallecimiento de Juan Izquierdo<\/strong>, deportista del Nacional. Nuestro m\u00e1s sentido p\u00e9same a familiares, amigos, compa\u00f1eros de trabajo, hinchas de Nacional y todo el pueblo uruguayo en este momento de dolor. Un d\u00eda triste para el f\u00fatbol\u201d,<\/em>\u00a0poste\u00f3 el Sao Paulo en sus redes sociales.<\/span><\/p>\n<p><span style=\"color: #000000;\">El defensa de Nacional permanec\u00eda\u00a0<strong>sedado y con respiraci\u00f3n asistida<\/strong>\u00a0en la Unidad de Terapia Intensiva desde el 22 de agosto a las 20:55 horas locales, cuando fue ingresado\u00a0<em>\u201c<strong>en paro card\u00edaco de inicio indeterminado, secundario a una arritmia<\/strong>\u201c,\u00a0<\/em>informaron los m\u00e9dicos tratantes.<\/span><\/p>\n<p class=\"\"><span style=\"color: #000000;\">Seg\u00fan los partes m\u00e9dicos, el domingo su situaci\u00f3n empeor\u00f3, con nuevos ex\u00e1menes que mostraron\u00a0<em>\u201cuna\u00a0<strong>progresi\u00f3n del compromiso cerebral<\/strong>\u00a0y\u00a0<strong>un aumento de la presi\u00f3n intracraneal\u201d.<\/strong><\/em><\/span><\/p>\n<p class=\"\"><span style=\"color: #000000;\">El bolet\u00edn emitido el lunes por el hospital indic\u00f3 que Izquierdo segu\u00eda\u00a0<em>\u201cdependiente de ventilaci\u00f3n mec\u00e1nica, con cuadro neurol\u00f3gico cr\u00edtico\u201d.<\/em><\/span><\/p>\n<\/div>\n<\/div>\n<\/div>\n<\/div>\n","protected":false},"excerpt":{"rendered":"<p>El\u00a0futbolista Juan Izquierdo, del\u00a0club Nacional de Uruguay,\u00a0muri\u00f3 en Brasil\u00a0este martes,\u00a0cinco d\u00edas despu\u00e9s de sufrir una crisis card\u00edaca en pleno partido\u00a0de la Copa Libertadores contra el Sao Paulo, inform\u00f3 el equipo uruguayo. \u201cCon el m\u00e1s profundo dolor e impacto en nuestros corazones, el\u00a0Club Nacional de Football comunica\u00a0el fallecimiento\u00a0de nuestro querido jugador Juan Izquierdo\u201c,\u00a0se\u00f1al\u00f3 Nacional en un mensaje publicado en la red social X, que acompa\u00f1\u00f3 con una fotograf\u00eda del deportista en blanco y negro. \u201cExpresamos nuestras\u00a0m\u00e1s sinceras condolencias\u00a0a su familia, amigos, colegas y allegados. Todo Nacional est\u00e1 de luto por su p\u00e9rdida irreparable. QEPD. Juan, estar\u00e1s para siempre con nosotros\u201d,\u00a0agreg\u00f3. La&#8230;<\/p>\n","protected":false},"author":4,"featured_media":5067,"comment_status":"open","ping_status":"open","sticky":false,"template":"","format":"standard","meta":{"_acf_changed":false,"footnotes":""},"categories":[34],"tags":[],"class_list":["post-5064","post","type-post","status-publish","format-standard","has-post-thumbnail","hentry","category-deportes"],"acf":[],"aioseo_notices":[],"_links":{"self":[{"href":"https:\/\/colosalinforma.com\/inicio\/wp-json\/wp\/v2\/posts\/5064","targetHints":{"allow":["GET"]}}],"collection":[{"href":"https:\/\/colosalinforma.com\/inicio\/wp-json\/wp\/v2\/posts"}],"about":[{"href":"https:\/\/colosalinforma.com\/inicio\/wp-json\/wp\/v2\/types\/post"}],"author":[{"embeddable":true,"href":"https:\/\/colosalinforma.com\/inicio\/wp-json\/wp\/v2\/users\/4"}],"replies":[{"embeddable":true,"href":"https:\/\/colosalinforma.com\/inicio\/wp-json\/wp\/v2\/comments?post=5064"}],"version-history":[{"count":1,"href":"https:\/\/colosalinforma.com\/inicio\/wp-json\/wp\/v2\/posts\/5064\/revisions"}],"predecessor-version":[{"id":5068,"href":"https:\/\/colosalinforma.com\/inicio\/wp-json\/wp\/v2\/posts\/5064\/revisions\/5068"}],"wp:featuredmedia":[{"embeddable":true,"href":"https:\/\/colosalinforma.com\/inicio\/wp-json\/wp\/v2\/media\/5067"}],"wp:attachment":[{"href":"https:\/\/colosalinforma.com\/inicio\/wp-json\/wp\/v2\/media?parent=5064"}],"wp:term":[{"taxonomy":"category","embeddable":true,"href":"https:\/\/colosalinforma.com\/inicio\/wp-json\/wp\/v2\/categories?post=5064"},{"taxonomy":"post_tag","embeddable":true,"href":"https:\/\/colosalinforma.com\/inicio\/wp-json\/wp\/v2\/tags?post=5064"}],"curies":[{"name":"wp","href":"https:\/\/api.w.org\/{rel}","templated":true}]}}