{"id":5069,"date":"2024-08-28T12:00:35","date_gmt":"2024-08-28T18:00:35","guid":{"rendered":"https:\/\/colosalinforma.com\/inicio\/?p=5069"},"modified":"2024-08-28T12:00:35","modified_gmt":"2024-08-28T18:00:35","slug":"detienen-mexicano-por-trata-de-menor-de-edad-en-el-catem-sur","status":"publish","type":"post","link":"https:\/\/colosalinforma.com\/inicio\/detienen-mexicano-por-trata-de-menor-de-edad-en-el-catem-sur\/","title":{"rendered":"Detienen Mexicano por trata de menor de edad, en el CATEM sur"},"content":{"rendered":"<div class=\"boldgrid-section\">\n<div class=\"container\">\n<div class=\"row\">\n<div class=\"col-lg-12 col-md-12 col-xs-12 col-sm-12\">\n<div class=\"\" data-block=\"true\" data-editor=\"fegrj\" data-offset-key=\"3cf40-0-0\">\n<div data-offset-key=\"3cf40-0-0\" class=\"_1mf _1mj\"><span style=\"color: var(--main);\">En el Catem Sur en Corredores se logr\u00f3 detectar un caso de trata internacional de menor de edad, el caso es de una joven boliviana que hab\u00eda sido reportada como desaparecida en su pa\u00eds y que viajaba con un mexicano.<\/span><\/div>\n<\/div>\n<div data-offset-key=\"3cf40-0-0\"><\/div>\n<div data-offset-key=\"3cf40-0-0\">Vea la nota completa en el siguiente enlace:\u00a0<a href=\"https:\/\/www.facebook.com\/share\/v\/b6yC4hio4837c37v\/\">https:\/\/www.facebook.com\/share\/v\/b6yC4hio4837c37v\/<\/a><\/div>\n<div class=\"\" data-block=\"true\" data-editor=\"fegrj\" data-offset-key=\"1i612-0-0\">\n<div data-offset-key=\"1i612-0-0\" class=\"_1mf _1mj\"><span data-offset-key=\"1i612-0-0\">\u00a0<\/span><\/div>\n<\/div>\n<div class=\"\" data-block=\"true\" data-editor=\"fegrj\" data-offset-key=\"2b29i-0-0\">\n<div data-offset-key=\"2b29i-0-0\" class=\"_1mf _1mj\"><span class=\"_5zk7\" spellcheck=\"false\" data-offset-key=\"2b29i-0-0\"><span data-offset-key=\"2b29i-0-0\">#colosalinforma<\/span><\/span><\/div>\n<\/div>\n<\/div>\n<\/div>\n<\/div>\n<\/div>\n","protected":false},"excerpt":{"rendered":"<p>En el Catem Sur en Corredores se logr\u00f3 detectar un caso de trata internacional de menor de edad, el caso es de una joven boliviana que hab\u00eda sido reportada como desaparecida en su pa\u00eds y que viajaba con un mexicano. Vea la nota completa en el siguiente enlace:\u00a0https:\/\/www.facebook.com\/share\/v\/b6yC4hio4837c37v\/ \u00a0 #colosalinforma<\/p>\n","protected":false},"author":6,"featured_media":5072,"comment_status":"open","ping_status":"open","sticky":false,"template":"","format":"standard","meta":{"_acf_changed":false,"footnotes":""},"categories":[39],"tags":[],"class_list":["post-5069","post","type-post","status-publish","format-standard","has-post-thumbnail","hentry","category-locales"],"acf":[],"aioseo_notices":[],"_links":{"self":[{"href":"https:\/\/colosalinforma.com\/inicio\/wp-json\/wp\/v2\/posts\/5069","targetHints":{"allow":["GET"]}}],"collection":[{"href":"https:\/\/colosalinforma.com\/inicio\/wp-json\/wp\/v2\/posts"}],"about":[{"href":"https:\/\/colosalinforma.com\/inicio\/wp-json\/wp\/v2\/types\/post"}],"author":[{"embeddable":true,"href":"https:\/\/colosalinforma.com\/inicio\/wp-json\/wp\/v2\/users\/6"}],"replies":[{"embeddable":true,"href":"https:\/\/colosalinforma.com\/inicio\/wp-json\/wp\/v2\/comments?post=5069"}],"version-history":[{"count":1,"href":"https:\/\/colosalinforma.com\/inicio\/wp-json\/wp\/v2\/posts\/5069\/revisions"}],"predecessor-version":[{"id":5073,"href":"https:\/\/colosalinforma.com\/inicio\/wp-json\/wp\/v2\/posts\/5069\/revisions\/5073"}],"wp:featuredmedia":[{"embeddable":true,"href":"https:\/\/colosalinforma.com\/inicio\/wp-json\/wp\/v2\/media\/5072"}],"wp:attachment":[{"href":"https:\/\/colosalinforma.com\/inicio\/wp-json\/wp\/v2\/media?parent=5069"}],"wp:term":[{"taxonomy":"category","embeddable":true,"href":"https:\/\/colosalinforma.com\/inicio\/wp-json\/wp\/v2\/categories?post=5069"},{"taxonomy":"post_tag","embeddable":true,"href":"https:\/\/colosalinforma.com\/inicio\/wp-json\/wp\/v2\/tags?post=5069"}],"curies":[{"name":"wp","href":"https:\/\/api.w.org\/{rel}","templated":true}]}}