{"id":7277,"date":"2025-01-22T10:13:57","date_gmt":"2025-01-22T16:13:57","guid":{"rendered":"https:\/\/colosalinforma.com\/inicio\/?p=7277"},"modified":"2025-01-22T10:15:03","modified_gmt":"2025-01-22T16:15:03","slug":"newells-old-boys-hizo-oficial-la-contratacion-de-keylor-navas","status":"publish","type":"post","link":"https:\/\/colosalinforma.com\/inicio\/newells-old-boys-hizo-oficial-la-contratacion-de-keylor-navas\/","title":{"rendered":"Newell\u2019s Old Boys hizo oficial la contrataci\u00f3n de Keylor Navas"},"content":{"rendered":"<h4 class=\"article-subheadline left\">El ex arquero del Real Madrid y del PSG se incorporar\u00e1 al club rosarino. C\u00f3mo fue la trama de la negociaci\u00f3n y por qu\u00e9 se decidi\u00f3 por La Lepra.<\/h4>\n<p class=\"paragraph\"><span style=\"color: #000000;\"><b>Newell\u2019s<\/b> hizo oficial la llegada del arquero costarricense <b>Keylor Navas<\/b>. Tal <a style=\"color: #000000;\" href=\"https:\/\/www.infobae.com\/deportes\/2025\/01\/20\/ni-boca-ni-san-lorenzo-keylor-navas-quedo-a-un-paso-de-desembarcar-en-un-club-argentino\/\" rel=\"noopener noreferrer\">como anticip\u00f3 Infobae<\/a>, solo una firma restaba para confirmar la incorporaci\u00f3n del ex guardameta del<b> Real Madrid<\/b> y del <b>Par\u00eds Saint-Germain (PSG)<\/b>, que se pondr\u00e1 el buzo rojinegro. Se trata de una estrella mundial que se suma al plantel dirigido por <b>Mariano Soso<\/b>.<\/span><\/p>\n<p class=\"paragraph\"><span style=\"color: #000000;\">\u201c<b>Una leyenda internacional llega al Parque\u2026 otra vez<\/b>. Orgullosos de anunciarles que Keylor Navas es el nuevo arquero de Newell\u2019s Old Boys. \u00a1Bienvenido a tu nueva casa! La historia del f\u00fatbol\u201d, escribi\u00f3 la entidad rojinegra en sus redes sociales. El arquero se hizo eco de ello y lo public\u00f3 en su cuenta de <i>Instagram<\/i>.<\/span><\/p>\n<p class=\"paragraph\"><span style=\"color: #000000;\">El golero de 38 a\u00f1os lleva <b>ocho meses sin competencia oficial, despu\u00e9s de que finalizara su v\u00ednculo con el PSG y se retirara de la selecci\u00f3n de Costa Rica.<\/b> En su \u00faltima temporada en el elenco franc\u00e9s, Navas fue suplente del italiano <b>Gianluigi Donnarumma<\/b>, y solo<b> jug\u00f3 4 partidos<\/b>.<\/span><\/p>\n<div class=\" visual__image\"><picture><source srcset=\"https:\/\/www.infobae.com\/resizer\/v2\/OCFWZXKZBRBJBFDW7J2SLYQB3Y.jpg?auth=21c8470d0ab4872966f2d876563506e3fa7ec15057d469b4557b9804f19f6757&smart=true&width=992&height=1488&quality=85\" media=\"(min-width: 1000px)\" \/><source srcset=\"https:\/\/www.infobae.com\/resizer\/v2\/OCFWZXKZBRBJBFDW7J2SLYQB3Y.jpg?auth=21c8470d0ab4872966f2d876563506e3fa7ec15057d469b4557b9804f19f6757&smart=true&width=768&height=1152&quality=85\" media=\"(min-width: 768px)\" \/><source srcset=\"https:\/\/www.infobae.com\/resizer\/v2\/OCFWZXKZBRBJBFDW7J2SLYQB3Y.jpg?auth=21c8470d0ab4872966f2d876563506e3fa7ec15057d469b4557b9804f19f6757&smart=true&width=577&height=866&quality=85\" media=\"(min-width: 580px)\" \/><source srcset=\"https:\/\/www.infobae.com\/resizer\/v2\/OCFWZXKZBRBJBFDW7J2SLYQB3Y.jpg?auth=21c8470d0ab4872966f2d876563506e3fa7ec15057d469b4557b9804f19f6757&smart=true&width=420&height=630&quality=85\" media=\"(min-width: 350px)\" \/><source srcset=\"https:\/\/www.infobae.com\/resizer\/v2\/OCFWZXKZBRBJBFDW7J2SLYQB3Y.jpg?auth=21c8470d0ab4872966f2d876563506e3fa7ec15057d469b4557b9804f19f6757&smart=true&width=350&height=525&quality=85\" media=\"(min-width: 80px)\" \/><img loading=\"lazy\" decoding=\"async\" class=\"global-image\" src=\"https:\/\/www.infobae.com\/resizer\/v2\/OCFWZXKZBRBJBFDW7J2SLYQB3Y.jpg?auth=21c8470d0ab4872966f2d876563506e3fa7ec15057d469b4557b9804f19f6757&smart=true&width=350&height=525&quality=85\" alt=\"El anuncio de Newell's donde\" width=\"566\" height=\"849\" \/><\/picture><\/div>\n<div><\/div>\n<div>\n<p class=\"paragraph\"><span style=\"color: #000000;\">En Par\u00eds, Keylor fue compa\u00f1ero de<b> Lionel Messi<\/b> entre 2021 y 2023. En ese per\u00edodo se gener\u00f3 una buena relaci\u00f3n entre ambos y el centroamericano le pidi\u00f3 referencias al crack argentino. Eso ayud\u00f3 a que se decidiera por el club rosarino. En relaci\u00f3n con ello, la entidad gala hizo un posteo en sus redes sociales en las que felicit\u00f3 al arquero: \u201cKeylor Navas es leproso \u00a1Buena suerte para el legendario arquero tico en Newell\u2019s\u201d.<\/span><\/p>\n<p class=\"paragraph\"><span style=\"color: #000000;\"><b>Navas<\/b> jug\u00f3 tres Mundiales para su selecci\u00f3n, en Brasil 2014, Rusia 2018 y Qatar 2022. Firm\u00f3 contrato hasta junio de 2026 y llega a la entidad rosarina luego de ganar 28 t\u00edtulos en su campa\u00f1a contando sus hitos en Costa Rica, Espa\u00f1a y Francia. Fue ofrecido a <b>Boca<\/b> (no pas\u00f3 de un coqueteo), a <b>San Lorenzo<\/b> y <b>Colo Colo<\/b> (hubo negociaciones formales); a <b>Gremio de Porto Alegre<\/b> (parec\u00eda su destino inmediato) y a <b>Cerro Porte\u00f1o<\/b> de Paraguay. Pero aceler\u00f3 la Lepra, que buscaba guardameta y hab\u00eda intentado cerrar otros dos nombres: <b>Nahuel Guzm\u00e1n<\/b> -firmar\u00e1 por otros dos a\u00f1os con Tigres de Monterrey- y el uruguayo <b>Washington Aguerre<\/b> -no hubo acuerdo econ\u00f3mico-.<\/span><\/p>\n<\/div>\n","protected":false},"excerpt":{"rendered":"<p>El ex arquero del Real Madrid y del PSG se incorporar\u00e1 al club rosarino. C\u00f3mo fue la trama de la negociaci\u00f3n y por qu\u00e9 se decidi\u00f3 por La Lepra. Newell\u2019s hizo oficial la llegada del arquero costarricense Keylor Navas. Tal como anticip\u00f3 Infobae, solo una firma restaba para confirmar la incorporaci\u00f3n del ex guardameta del Real Madrid y del Par\u00eds Saint-Germain (PSG), que se pondr\u00e1 el buzo rojinegro. Se trata de una estrella mundial que se suma al plantel dirigido por Mariano Soso. \u201cUna leyenda internacional llega al Parque\u2026 otra vez. Orgullosos de anunciarles que Keylor Navas es el nuevo&#8230;<\/p>\n","protected":false},"author":2,"featured_media":7281,"comment_status":"open","ping_status":"open","sticky":false,"template":"","format":"standard","meta":{"_acf_changed":false,"footnotes":""},"categories":[34],"tags":[],"class_list":["post-7277","post","type-post","status-publish","format-standard","has-post-thumbnail","hentry","category-deportes"],"acf":[],"aioseo_notices":[],"_links":{"self":[{"href":"https:\/\/colosalinforma.com\/inicio\/wp-json\/wp\/v2\/posts\/7277","targetHints":{"allow":["GET"]}}],"collection":[{"href":"https:\/\/colosalinforma.com\/inicio\/wp-json\/wp\/v2\/posts"}],"about":[{"href":"https:\/\/colosalinforma.com\/inicio\/wp-json\/wp\/v2\/types\/post"}],"author":[{"embeddable":true,"href":"https:\/\/colosalinforma.com\/inicio\/wp-json\/wp\/v2\/users\/2"}],"replies":[{"embeddable":true,"href":"https:\/\/colosalinforma.com\/inicio\/wp-json\/wp\/v2\/comments?post=7277"}],"version-history":[{"count":1,"href":"https:\/\/colosalinforma.com\/inicio\/wp-json\/wp\/v2\/posts\/7277\/revisions"}],"predecessor-version":[{"id":7280,"href":"https:\/\/colosalinforma.com\/inicio\/wp-json\/wp\/v2\/posts\/7277\/revisions\/7280"}],"wp:featuredmedia":[{"embeddable":true,"href":"https:\/\/colosalinforma.com\/inicio\/wp-json\/wp\/v2\/media\/7281"}],"wp:attachment":[{"href":"https:\/\/colosalinforma.com\/inicio\/wp-json\/wp\/v2\/media?parent=7277"}],"wp:term":[{"taxonomy":"category","embeddable":true,"href":"https:\/\/colosalinforma.com\/inicio\/wp-json\/wp\/v2\/categories?post=7277"},{"taxonomy":"post_tag","embeddable":true,"href":"https:\/\/colosalinforma.com\/inicio\/wp-json\/wp\/v2\/tags?post=7277"}],"curies":[{"name":"wp","href":"https:\/\/api.w.org\/{rel}","templated":true}]}}