{"id":7629,"date":"2025-02-06T10:52:19","date_gmt":"2025-02-06T16:52:19","guid":{"rendered":"https:\/\/colosalinforma.com\/inicio\/?p=7629"},"modified":"2025-02-06T10:52:19","modified_gmt":"2025-02-06T16:52:19","slug":"marcelo-anuncia-su-retiro-del-futbol","status":"publish","type":"post","link":"https:\/\/colosalinforma.com\/inicio\/marcelo-anuncia-su-retiro-del-futbol\/","title":{"rendered":"Marcelo anuncia su retiro del futbol"},"content":{"rendered":"<div class=\"boldgrid-section\">\n<div class=\"container\">\n<div class=\"row\">\n<div class=\"col-lg-12 col-md-12 col-xs-12 col-sm-12\">\n<p class=\"\"><span style=\"color: #000000;\">El brasile\u00f1o <strong>Marcelo<\/strong>, uno de los mejores laterales izquierdos de los \u00faltimos tiempos, anunci\u00f3 este jueves su retiro del futbol tras casi 20 a\u00f1os de una carrera muy laureada.<\/span><\/p>\n<p class=\"\"><span style=\"color: #000000;\">\u201cMi historia como jugador termina aqu\u00ed, pero todav\u00eda me queda mucho que dar al futbol. Gracias por tanto\u201d, dijo el ahora exfutbolista de la \u2018Sele\u00e7\u00e3o\u2019, de 36 a\u00f1os, en un video publicado en sus redes sociales.<\/span><\/p>\n<p><span style=\"color: #000000;\">El zurdo pone fin a su trayectoria tres meses despu\u00e9s de haber rescindido anticipadamente su contrato con el<strong> Fluminense de Rio de Janeiro<\/strong>, el club en el que debut\u00f3 en 2005 y al que regres\u00f3 en marzo de 2023.<\/span><\/p>\n<p><span style=\"color: #000000;\">Se anunci\u00f3 su partida a comienzos de noviembre luego de un desencuentro p\u00fablico con el t\u00e9cnico del tricolor carioca, el exseleccionador brasile\u00f1o <strong>Mano Menezes<\/strong>. Para la \u00e9poca, el ahora exdefensor hab\u00eda perdido protagonismo.<\/span><\/p>\n<p class=\"\"><span style=\"color: #000000;\">Desde entonces no estaba claro si continuar\u00eda jugando y alimentando su impresionante palmar\u00e9s, que incluye <strong>25 t\u00edtulos<\/strong> con el <a style=\"color: #000000;\" href=\"https:\/\/www.unotv.com\/etiquetas\/futbol-europeo\/\">Real Madrid<\/a>, entre ellos cinco Ligas de Campeones (2014, 2016, 2017, 2018, 2022), y la \u00fanica Copa Libertadores de la historia del \u201cFlu\u201d (2023).<\/span><\/p>\n<p><span style=\"color: #000000;\">El cuadro merengue lo fich\u00f3 cuando apenas ten\u00eda 18 a\u00f1os. En la capital espa\u00f1ola tuvo sus mejores momentos, impulsados por su excelsa t\u00e9cnica y aportes ofensivos que lo convirtieron en uno de los capitanes y de los jugadores m\u00e1s laureados del equipo blanco.<\/span><\/p>\n<p><span style=\"color: #000000;\">Fue incluido en seis ocasiones en el once ideal de la FIFA.<\/span><\/p>\n<p><span style=\"color: #000000;\">\u201cEs una de nuestras m\u00e1s grandes leyendas y el <strong>Real Madrid<\/strong> es y ser\u00e1 siempre su casa\u201d, dijo el presidente merengue, Florentino P\u00e9rez, seg\u00fan un comunicado del cuadro divulgado este jueves en el que expresa \u201csu agradecimiento y su cari\u00f1o\u201d por <strong>Marcelo<\/strong>.<\/span><\/p>\n<figure class=\"wp-block-embed is-provider-instagram wp-block-embed-instagram\">\n<div class=\"wp-block-embed__wrapper\">\n<div class=\"amx-core-embed-social\"><iframe id=\"instagram-embed-1\" class=\"instagram-media instagram-media-rendered\" src=\"https:\/\/www.instagram.com\/p\/DFuvkYVC0cD\/embed\/?cr=1&v=13&rd=https%3A%2F%2Fwww.unotv.com&rp=%2Fdeportes%2Fmarcelo-anuncia-su-retiro-del-futbol-con-emotivo-video%2F#%7B%22ci%22%3A1%2C%22os%22%3A1133%2C%22ls%22%3A427%2C%22le%22%3A1070%7D\" height=\"856\" frameborder=\"0\" scrolling=\"no\" allowfullscreen=\"allowfullscreen\" data-instgrm-payload-id=\"instagram-media-payload-1\" data-gtm-yt-inspected-13=\"true\" data-mce-fragment=\"1\"><\/iframe><\/div>\n<\/div>\n<\/figure>\n<p><span style=\"color: #000000;\">El jugador abandon\u00f3 al Madrid en 2022 con rumbo al <strong>Olympiacos <\/strong>griego, \u00fanico club con el que no conquist\u00f3 trofeos, y luego retorn\u00f3 por lo alto al <strong>Fluminense <\/strong>para formar parte de un 11 recordado no solo por conquistar la Libertadores y la Recopa Sudamericana de 2024, sino por jugar un futbol muy atractivo bajo las \u00f3rdenes del t\u00e9cnico brasile\u00f1o Fernando Diniz.<\/span><\/p>\n<p><span style=\"color: #000000;\">El \u201cFlu\u201d inclusive bautiz\u00f3 el estadio de sus divisiones menores con su nombre, <strong>Marcelo<\/strong> <strong>Vieira<\/strong>.<\/span><\/p>\n<p><span style=\"color: #000000;\">El lateral izquierdo tambi\u00e9n tuvo \u00e9xitos con la<strong> \u201cCanarinha\u201d<\/strong>, con cuya selecci\u00f3n principal anot\u00f3 seis goles y disput\u00f3 58 partidos, incluidos juegos de la clasificatoria sudamericana, de Copas Am\u00e9rica y de los mundiales de 2014 y 2018.<\/span><\/p>\n<p class=\"\"><span style=\"color: #000000;\">Aunque se colg\u00f3 dos medallas ol\u00edmpicas (plata en Londres 2012 y bronce en Pek\u00edn 2008) y gan\u00f3 la Copa Confederaciones de 2013, se le recuerda tambi\u00e9n por haber estado en el campo en la humillante derrota 7-1 frente a Alemania en la semifinal de la Copa del Mundo de Brasil 2014.<\/span><\/p>\n<p class=\"\"><span style=\"color: #000000;\">Visti\u00f3 por \u00faltima vez la casaca de los pentacampeones del mundo en Rusia 2018, donde la <strong>\u201cCanarinha\u201d <\/strong>cay\u00f3 2-1 contra B\u00e9lgica en cuartos de final.<\/span><\/p>\n<\/div>\n<\/div>\n<\/div>\n<\/div>\n","protected":false},"excerpt":{"rendered":"<p>El brasile\u00f1o Marcelo, uno de los mejores laterales izquierdos de los \u00faltimos tiempos, anunci\u00f3 este jueves su retiro del futbol tras casi 20 a\u00f1os de una carrera muy laureada. \u201cMi historia como jugador termina aqu\u00ed, pero todav\u00eda me queda mucho que dar al futbol. Gracias por tanto\u201d, dijo el ahora exfutbolista de la \u2018Sele\u00e7\u00e3o\u2019, de 36 a\u00f1os, en un video publicado en sus redes sociales. El zurdo pone fin a su trayectoria tres meses despu\u00e9s de haber rescindido anticipadamente su contrato con el Fluminense de Rio de Janeiro, el club en el que debut\u00f3 en 2005 y al que regres\u00f3&#8230;<\/p>\n","protected":false},"author":4,"featured_media":7632,"comment_status":"open","ping_status":"open","sticky":false,"template":"","format":"standard","meta":{"_acf_changed":false,"footnotes":""},"categories":[34],"tags":[],"class_list":["post-7629","post","type-post","status-publish","format-standard","has-post-thumbnail","hentry","category-deportes"],"acf":[],"aioseo_notices":[],"_links":{"self":[{"href":"https:\/\/colosalinforma.com\/inicio\/wp-json\/wp\/v2\/posts\/7629","targetHints":{"allow":["GET"]}}],"collection":[{"href":"https:\/\/colosalinforma.com\/inicio\/wp-json\/wp\/v2\/posts"}],"about":[{"href":"https:\/\/colosalinforma.com\/inicio\/wp-json\/wp\/v2\/types\/post"}],"author":[{"embeddable":true,"href":"https:\/\/colosalinforma.com\/inicio\/wp-json\/wp\/v2\/users\/4"}],"replies":[{"embeddable":true,"href":"https:\/\/colosalinforma.com\/inicio\/wp-json\/wp\/v2\/comments?post=7629"}],"version-history":[{"count":1,"href":"https:\/\/colosalinforma.com\/inicio\/wp-json\/wp\/v2\/posts\/7629\/revisions"}],"predecessor-version":[{"id":7633,"href":"https:\/\/colosalinforma.com\/inicio\/wp-json\/wp\/v2\/posts\/7629\/revisions\/7633"}],"wp:featuredmedia":[{"embeddable":true,"href":"https:\/\/colosalinforma.com\/inicio\/wp-json\/wp\/v2\/media\/7632"}],"wp:attachment":[{"href":"https:\/\/colosalinforma.com\/inicio\/wp-json\/wp\/v2\/media?parent=7629"}],"wp:term":[{"taxonomy":"category","embeddable":true,"href":"https:\/\/colosalinforma.com\/inicio\/wp-json\/wp\/v2\/categories?post=7629"},{"taxonomy":"post_tag","embeddable":true,"href":"https:\/\/colosalinforma.com\/inicio\/wp-json\/wp\/v2\/tags?post=7629"}],"curies":[{"name":"wp","href":"https:\/\/api.w.org\/{rel}","templated":true}]}}